{"id":39893,"date":"2025-03-16T11:45:02","date_gmt":"2025-03-16T11:45:02","guid":{"rendered":"https:\/\/247stiri.ro\/index.php\/2025\/03\/16\/ion-cristoiu-daca-nicusor-iese-presedinte-bolojan-va-fi-premier\/"},"modified":"2025-03-16T11:45:02","modified_gmt":"2025-03-16T11:45:02","slug":"ion-cristoiu-daca-nicusor-iese-presedinte-bolojan-va-fi-premier","status":"publish","type":"post","link":"https:\/\/247stiri.ro\/index.php\/2025\/03\/16\/ion-cristoiu-daca-nicusor-iese-presedinte-bolojan-va-fi-premier\/","title":{"rendered":"Ion Cristoiu: \u201eDac\u0103 Nicu\u0219or iese pre\u0219edinte, Bolojan va fi premier!\u201d"},"content":{"rendered":"<p>Nicu\u0219or despre Bolojan: \u201eE cea mai bun\u0103 variant\u0103 de premier!\u201d<\/p>\n<p>\u201eEl a declarat urm\u0103torul lucru a fost \u00eentrebat: Ilie Bolojan este cea mai bun\u0103 op\u021biune pentru func\u021bia de premier? Iat\u0103 ce a r\u0103spuns Nicu\u0219or Dan:<\/p>\n<p>Da, este cineva care a dovedit \u0219i ca primar \u0219i ca pre\u0219edinte de Consiliu Jude\u021bean c\u0103 e o persoan\u0103 foarte atent\u0103 cu cheltuielile publice care a reu\u0219it s\u0103 reduc\u0103 cheltuielile publice.<\/p>\n<p>Elena Lasconi tremur\u0103&#8230; s-a dus s\u0103 zic\u0103 vreau Ilie Bolojan, to\u021bi vor Ilie Bolojan, Cristian Tudor Popescu a zis c\u0103 f\u0103r\u0103 Bolojan Rom\u00e2nia poate s\u0103 dispar\u0103 de pe hart\u0103.<\/p>\n<p>M-am g\u00e2ndit pentru ce e preg\u0103tit el&#8230; \u0219i am zis pentru premier cum e preg\u0103tit&#8230; este o \u00een\u021belegere a sistemului&#8230;Nicu\u0219or Dan e ajutat e candidatul sistemului condus de Ilie Bolojan&#8230;el c\u00e2nd ajunge pre\u0219edinte&#8230; c\u0103 sigur ajunge \u00eel pune pe Bolojan premier. Ce bandi\u021bi!\u00a0<\/p>\n<p>Gata e pre\u0219edinte Nicu\u0219or&#8230; Bolojan e premier&#8230; sistemul zice gata, \u00a0nici nu mai e nevoie de alegeri!\u201d, a transmis <a href=\"https:\/\/www.realitatea.net\/stiri\/politica\/ion-cristoiu-despre-schimbarile-profunde-produse-de-candidatul-calin-georgescu-a-ridicat-standardul-de-politician_67d133ca08e12f2bf822efe2\" target=\"_blank\">jurnalistul Ion Cristoiu.<\/a><\/p>","protected":false},"excerpt":{"rendered":"<p>Nicu\u0219or despre Bolojan: \u201eE cea mai bun\u0103 variant\u0103 de premier!\u201d \u201eEl a declarat urm\u0103torul lucru&hellip;<\/p>\n","protected":false},"author":0,"featured_media":39894,"comment_status":"open","ping_status":"open","sticky":false,"template":"","format":"standard","meta":{"footnotes":""},"categories":[3],"tags":[],"class_list":["post-39893","post","type-post","status-publish","format-standard","has-post-thumbnail","hentry","category-politica"],"_links":{"self":[{"href":"https:\/\/247stiri.ro\/index.php\/wp-json\/wp\/v2\/posts\/39893","targetHints":{"allow":["GET"]}}],"collection":[{"href":"https:\/\/247stiri.ro\/index.php\/wp-json\/wp\/v2\/posts"}],"about":[{"href":"https:\/\/247stiri.ro\/index.php\/wp-json\/wp\/v2\/types\/post"}],"replies":[{"embeddable":true,"href":"https:\/\/247stiri.ro\/index.php\/wp-json\/wp\/v2\/comments?post=39893"}],"version-history":[{"count":0,"href":"https:\/\/247stiri.ro\/index.php\/wp-json\/wp\/v2\/posts\/39893\/revisions"}],"wp:featuredmedia":[{"embeddable":true,"href":"https:\/\/247stiri.ro\/index.php\/wp-json\/wp\/v2\/media\/39894"}],"wp:attachment":[{"href":"https:\/\/247stiri.ro\/index.php\/wp-json\/wp\/v2\/media?parent=39893"}],"wp:term":[{"taxonomy":"category","embeddable":true,"href":"https:\/\/247stiri.ro\/index.php\/wp-json\/wp\/v2\/categories?post=39893"},{"taxonomy":"post_tag","embeddable":true,"href":"https:\/\/247stiri.ro\/index.php\/wp-json\/wp\/v2\/tags?post=39893"}],"curies":[{"name":"wp","href":"https:\/\/api.w.org\/{rel}","templated":true}]}}