{"id":39895,"date":"2025-03-16T11:45:03","date_gmt":"2025-03-16T11:45:03","guid":{"rendered":"https:\/\/247stiri.ro\/index.php\/2025\/03\/16\/romanii-suna-mobilizarea-si-anunta-o-noua-manifestatie-oamenii-ies-in-strada-pe-26-martie-de-ziua-lui-calin-georgescu\/"},"modified":"2025-03-16T11:45:03","modified_gmt":"2025-03-16T11:45:03","slug":"romanii-suna-mobilizarea-si-anunta-o-noua-manifestatie-oamenii-ies-in-strada-pe-26-martie-de-ziua-lui-calin-georgescu","status":"publish","type":"post","link":"https:\/\/247stiri.ro\/index.php\/2025\/03\/16\/romanii-suna-mobilizarea-si-anunta-o-noua-manifestatie-oamenii-ies-in-strada-pe-26-martie-de-ziua-lui-calin-georgescu\/","title":{"rendered":"Rom\u00e2nii sun\u0103 mobilizarea \u0219i anun\u021b\u0103 o nou\u0103 manifesta\u021bie: oamenii ies \u00een strad\u0103 pe 26 martie, de ziua lui C\u0103lin Georgescu\u00a0"},"content":{"rendered":"<p>Mobilizare maxim\u0103 pe re\u021belele sociale. O nou\u0103 manifesta\u021bie se preconizeaz\u0103 pentru finalul acestei luni. Rom\u00e2nii vor s\u0103 ias\u0103 \u00een strad\u0103 pe 26 martie, de ziua lui C\u0103lin Georgescu.\u00a0<\/p>\n<p>&#8222;Pe 26 martie, de ziua dlui C\u0103lin Georgescu, vre\u021bi s\u0103 ie\u0219im \u00een pia\u021b\u0103 \u0219i s\u0103 \u00eei ur\u0103m La mul\u021bi ani?&#8221;, scriu rom\u00e2nii, pe re\u021belele de socializare.<\/p>\n<p><a title=\"@cristina.constantin1016\" href=\"https:\/\/www.tiktok.com\/@cristina.constantin1016?refer=embed\" target=\"_blank\">@cristina.constantin1016<\/a> <a title=\"luamromaniainapoi\ud83c\uddf7\ud83c\uddf4\" href=\"https:\/\/www.tiktok.com\/tag\/luamromaniainapoi%F0%9F%87%B7%F0%9F%87%B4?refer=embed\" target=\"_blank\">#luamromaniainapoi\ud83c\uddf7\ud83c\uddf4<\/a> <a title=\"calingeorgescupresedinte2024\" href=\"https:\/\/www.tiktok.com\/tag\/calingeorgescupresedinte2024?refer=embed\" target=\"_blank\">#calingeorgescupresedinte2024<\/a> <a title=\"calingeorgescu2024\" href=\"https:\/\/www.tiktok.com\/tag\/calingeorgescu2024?refer=embed\" target=\"_blank\">#calingeorgescu2024<\/a> <a title=\"\u266c Rom\u00e2nie, M\u00e2ndru Plai - Paula Hriscu\" href=\"https:\/\/www.tiktok.com\/music\/Rom%C3%A2nie-M%C3%A2ndru-Plai-7305414925803325442?refer=embed\" target=\"_blank\">\u266c Rom\u00e2nie, M\u00e2ndru Plai &#8211; Paula Hriscu<\/a><\/p>\n<p>\u00a0<\/p>\n<p><a title=\"@adriantke21\" href=\"https:\/\/www.tiktok.com\/@adriantke21?refer=embed\" target=\"_blank\">@adriantke21<\/a> \u2764\ufe0f\ud83d\ude4fHAIDE\u021aI S\u0102 PROMOV\u0102M MASIV CU TO\u021aII DATA ACEASTA UNI\u021aI MAI MULT CA NICIODAT\u0102 26 MARTIE, BUCURE\u0218TI, PIA\u021aA CONSTITU\u021aIEI\u2757\ufe0f <a title=\"fy\" href=\"https:\/\/www.tiktok.com\/tag\/fy?refer=embed\" target=\"_blank\">#fy<\/a> <a title=\"libertate\" href=\"https:\/\/www.tiktok.com\/tag\/libertate?refer=embed\" target=\"_blank\">#libertate<\/a> <a title=\"democratie\" href=\"https:\/\/www.tiktok.com\/tag\/democratie?refer=embed\" target=\"_blank\">#democratie<\/a> <a title=\"\u266c The meteor\u2019s rise epic music symbolizing the journey of strength courage and ambition - Mr. Epic Viral\" href=\"https:\/\/www.tiktok.com\/music\/The-meteor%E2%80%99s-rise-epic-music-symbolizing-the-journey-of-strength-courage-and-ambition-7458267460548904961?refer=embed\" target=\"_blank\">\u266c The meteor\u2019s rise epic music symbolizing the journey of strength courage and ambition &#8211; Mr. Epic Viral<\/a><\/p>\n<p>\u00a0<\/p>\n<p>\u00a0<\/p>","protected":false},"excerpt":{"rendered":"<p>Mobilizare maxim\u0103 pe re\u021belele sociale. O nou\u0103 manifesta\u021bie se preconizeaz\u0103 pentru finalul acestei luni. Rom\u00e2nii&hellip;<\/p>\n","protected":false},"author":0,"featured_media":39884,"comment_status":"open","ping_status":"open","sticky":false,"template":"","format":"standard","meta":{"footnotes":""},"categories":[2],"tags":[],"class_list":["post-39895","post","type-post","status-publish","format-standard","has-post-thumbnail","hentry","category-actual"],"_links":{"self":[{"href":"https:\/\/247stiri.ro\/index.php\/wp-json\/wp\/v2\/posts\/39895","targetHints":{"allow":["GET"]}}],"collection":[{"href":"https:\/\/247stiri.ro\/index.php\/wp-json\/wp\/v2\/posts"}],"about":[{"href":"https:\/\/247stiri.ro\/index.php\/wp-json\/wp\/v2\/types\/post"}],"replies":[{"embeddable":true,"href":"https:\/\/247stiri.ro\/index.php\/wp-json\/wp\/v2\/comments?post=39895"}],"version-history":[{"count":0,"href":"https:\/\/247stiri.ro\/index.php\/wp-json\/wp\/v2\/posts\/39895\/revisions"}],"wp:featuredmedia":[{"embeddable":true,"href":"https:\/\/247stiri.ro\/index.php\/wp-json\/wp\/v2\/media\/39884"}],"wp:attachment":[{"href":"https:\/\/247stiri.ro\/index.php\/wp-json\/wp\/v2\/media?parent=39895"}],"wp:term":[{"taxonomy":"category","embeddable":true,"href":"https:\/\/247stiri.ro\/index.php\/wp-json\/wp\/v2\/categories?post=39895"},{"taxonomy":"post_tag","embeddable":true,"href":"https:\/\/247stiri.ro\/index.php\/wp-json\/wp\/v2\/tags?post=39895"}],"curies":[{"name":"wp","href":"https:\/\/api.w.org\/{rel}","templated":true}]}}