{"id":39905,"date":"2025-03-16T13:44:53","date_gmt":"2025-03-16T13:44:53","guid":{"rendered":"https:\/\/247stiri.ro\/index.php\/2025\/03\/16\/noi-detalii-in-cazul-tragediei-din-macedonia-de-nord-proprietarul-clubului-pulse-retinut-dupa-incendiul-devastator\/"},"modified":"2025-03-16T13:44:53","modified_gmt":"2025-03-16T13:44:53","slug":"noi-detalii-in-cazul-tragediei-din-macedonia-de-nord-proprietarul-clubului-pulse-retinut-dupa-incendiul-devastator","status":"publish","type":"post","link":"https:\/\/247stiri.ro\/index.php\/2025\/03\/16\/noi-detalii-in-cazul-tragediei-din-macedonia-de-nord-proprietarul-clubului-pulse-retinut-dupa-incendiul-devastator\/","title":{"rendered":"Noi detalii \u00een cazul tragediei din Macedonia de Nord: proprietarul clubului \u201ePulse\u201d, re\u021binut dup\u0103 incendiul devastator"},"content":{"rendered":"<p>Anchet\u0103 de amploare pentru stabilirea vinova\u021bilor<\/p>\n<p>Potrivit agen\u021biei de stat MIA, citat\u0103 de Reuters, poli\u021bia analizeaz\u0103 toate circumstan\u021bele tragediei. Procurorul public Ljupco Kocevski a declarat c\u0103 cinci procurori investigheaz\u0103 cauzele incendiului \u0219i au fost emise ordine pentru colectarea probelor. Mai multe persoane au fost deja audiate, \u00eens\u0103 autorit\u0103\u021bile nu au oferit detalii suplimentare.<\/p>\n<p>Un videoclip verificat de Reuters surprinde momentul exact \u00een care trupa c\u00e2nta pe scen\u0103, iar efectele pirotehnice au proiectat sc\u00e2ntei spre tavan. \u00cen doar c\u00e2teva secunde, focul s-a extins rapid, cuprinz\u00e2nd \u00eentreaga \u00eenc\u0103pere.<\/p>\n<p>Martorii descriu <a href=\"https:\/\/www.realitatea.net\/stiri\/extern\/incendiu-intrun-club-de-noapte-zeci-de-morti-in-urma-dezastrului_67d686cbd617a00e4d6d1a17\" target=\"_blank\">scene de groaz\u0103.<\/a> \u201eToat\u0103 lumea \u00eencerca s\u0103 scape, era un haos total\u201d, a povestit Marija Taseva, o supravie\u021buitoare de 22 de ani, pentru televiziunea TV 5. \u00cen timp ce \u00eencerca s\u0103 fug\u0103, t\u00e2n\u0103ra a fost tr\u00e2ntit\u0103 la p\u0103m\u00e2nt \u0219i c\u0103lcat\u0103 de mul\u021bime, suferind o ran\u0103 la fa\u021b\u0103. Mai grav, \u0219i-a pierdut contactul cu sora sa \u0219i nu a mai reu\u0219it s\u0103 o g\u0103seasc\u0103. \u201eAm verificat toate spitalele, dar nu este nic\u0103ieri\u201d, a spus ea.<\/p>\n<p>Mobilizare medical\u0103 interna\u021bional\u0103<\/p>\n<p>Ministrul S\u0103n\u0103t\u0103\u021bii, Arben Taravari, a anun\u021bat c\u0103 148 de persoane au fost internate \u00een Skopje, Ko\u010dani \u0219i alte ora\u0219e apropiate. Gravitatea situa\u021biei a determinat autorit\u0103\u021bile s\u0103 solicite ajutor medical din \u021b\u0103rile vecine.<\/p>\n<p>Televiziunile locale au difuzat imagini dramatice cu pompierii \u00eencerc\u00e2nd s\u0103 sting\u0103 fl\u0103c\u0103rile, \u00een timp ce ambulan\u021bele transportau r\u0103ni\u021bii. Fotografii surprinse de Reuters arat\u0103 acoperi\u0219ul clubului complet ars \u0219i structura de lemn carbonizat\u0103.<\/p>\n<p>Pre\u0219edintele Macedoniei de Nord, Gordana Siljanovska Davkova, a vizitat r\u0103ni\u021bii \u0219i a transmis un mesaj de compasiune:<\/p>\n<p>\u00a0 \u00a0 \u201ePur \u0219i simplu nu pot \u00een\u021belege ce s-a \u00eent\u00e2mplat\u2026 ce dezastru, ce tragedie.\u201d<\/p>\n<p>Guvernul a promis m\u0103suri stricte pentru sprijinirea familiilor victimelor \u0219i <a href=\"https:\/\/www.realitatea.net\/stiri\/actual\/incendiu-masiv-intrun-apartament-din-sibiu-pompierii-intervin-de-urgenta_67d6c1f51d814366a0182b42\" target=\"_blank\">prevenirea unor tragedii similare<\/a>. Ancheta va determina dac\u0103 normele de siguran\u021b\u0103 au fost respectate \u0219i dac\u0103 proprietarul clubului ar fi putut preveni incendiul.<\/p>\n<p>\u00cen continuare, r\u0103m\u00e2n multe \u00eentreb\u0103ri f\u0103r\u0103 r\u0103spuns, iar autorit\u0103\u021bile sunt sub presiune pentru a face dreptate victimelor.<\/p>","protected":false},"excerpt":{"rendered":"<p>Anchet\u0103 de amploare pentru stabilirea vinova\u021bilor Potrivit agen\u021biei de stat MIA, citat\u0103 de Reuters, poli\u021bia&hellip;<\/p>\n","protected":false},"author":0,"featured_media":39906,"comment_status":"open","ping_status":"open","sticky":false,"template":"","format":"standard","meta":{"footnotes":""},"categories":[4],"tags":[],"class_list":["post-39905","post","type-post","status-publish","format-standard","has-post-thumbnail","hentry","category-extern"],"_links":{"self":[{"href":"https:\/\/247stiri.ro\/index.php\/wp-json\/wp\/v2\/posts\/39905","targetHints":{"allow":["GET"]}}],"collection":[{"href":"https:\/\/247stiri.ro\/index.php\/wp-json\/wp\/v2\/posts"}],"about":[{"href":"https:\/\/247stiri.ro\/index.php\/wp-json\/wp\/v2\/types\/post"}],"replies":[{"embeddable":true,"href":"https:\/\/247stiri.ro\/index.php\/wp-json\/wp\/v2\/comments?post=39905"}],"version-history":[{"count":0,"href":"https:\/\/247stiri.ro\/index.php\/wp-json\/wp\/v2\/posts\/39905\/revisions"}],"wp:featuredmedia":[{"embeddable":true,"href":"https:\/\/247stiri.ro\/index.php\/wp-json\/wp\/v2\/media\/39906"}],"wp:attachment":[{"href":"https:\/\/247stiri.ro\/index.php\/wp-json\/wp\/v2\/media?parent=39905"}],"wp:term":[{"taxonomy":"category","embeddable":true,"href":"https:\/\/247stiri.ro\/index.php\/wp-json\/wp\/v2\/categories?post=39905"},{"taxonomy":"post_tag","embeddable":true,"href":"https:\/\/247stiri.ro\/index.php\/wp-json\/wp\/v2\/tags?post=39905"}],"curies":[{"name":"wp","href":"https:\/\/api.w.org\/{rel}","templated":true}]}}