{"id":39909,"date":"2025-03-16T13:44:55","date_gmt":"2025-03-16T13:44:55","guid":{"rendered":"https:\/\/247stiri.ro\/index.php\/2025\/03\/16\/ccr-are-pe-rol-13-contestatii-in-ceea-ce-priveste-candidaturile-la-prezidentiale-victor-ponta-nicusor-dan-george-simion-printre-cei-vizati\/"},"modified":"2025-03-16T13:44:55","modified_gmt":"2025-03-16T13:44:55","slug":"ccr-are-pe-rol-13-contestatii-in-ceea-ce-priveste-candidaturile-la-prezidentiale-victor-ponta-nicusor-dan-george-simion-printre-cei-vizati","status":"publish","type":"post","link":"https:\/\/247stiri.ro\/index.php\/2025\/03\/16\/ccr-are-pe-rol-13-contestatii-in-ceea-ce-priveste-candidaturile-la-prezidentiale-victor-ponta-nicusor-dan-george-simion-printre-cei-vizati\/","title":{"rendered":"CCR are pe rol 13 contesta\u0163ii \u00een ceea ce prive\u015fte candidaturile la preziden\u021biale. Victor Ponta, Nicu\u0219or Dan, George Simion, printre cei viza\u021bi"},"content":{"rendered":"<p>Curtea Constitu\u0163ional\u0103 a Rom\u00e2niei se va reuni din nou \u00een \u015fedin\u0163\u0103, ast\u0103zi, pentru a se pronun\u0163a asupra contesta\u0163iilor \u00eenregistrate privind candidaturile la alegerile preziden\u0163iale.<\/p>\n<p>\u201e\u0218edin\u021ba de judecat\u0103 a Cur\u021bii Constitu\u021bionale privind contesta\u021biile \u00eenregistrate \u00een temeiul Legii nr.370\/2004 va avea loc duminic\u0103, 16 martie 2025, ora 17:00 (pe baza sesiz\u0103rilor \u015fi a celorlalte documente depuse la dosar p\u00e2n\u0103 la data de 16 martie 2025, ora 16:30)\u201d, informeaz\u0103 reprezentan\u0163i ai CCR.<\/p>\n<p>Potrivit datelor de pe site-ul CCR, au fost primite mai multe contesta\u021bii privind candidaturile la alegerile preziden\u021biale din mai.<\/p>\n<p>Trei dintre sesiz\u0103rile care vor fi dezb\u0103tute se refer\u0103 la candidatura liderului AUR, George Simion, trei la candidatura lui Victor Ponta, dou\u0103 la candidatura lui Paul Ispas, \u0219i c\u00e2teo sesizare la candidaturile lui Nicu\u0219or Dan, Laviniei \u0218andru \u0219i Terhe\u0219 Cristian-Vasile.<\/p>\n<p>Pe rolul Cur\u021bii Constitu\u021bionale se afl\u0103 \u00eenregistrate un num\u0103r de cinci contesta\u021bii \u00eempotriva Deciziei Biroului Electoral Central privind respingerea \u00eenregistr\u0103rii candidaturii independente a lui C\u0103lin Georgescu.<\/p>","protected":false},"excerpt":{"rendered":"<p>Curtea Constitu\u0163ional\u0103 a Rom\u00e2niei se va reuni din nou \u00een \u015fedin\u0163\u0103, ast\u0103zi, pentru a se&hellip;<\/p>\n","protected":false},"author":0,"featured_media":39910,"comment_status":"open","ping_status":"open","sticky":false,"template":"","format":"standard","meta":{"footnotes":""},"categories":[3],"tags":[],"class_list":["post-39909","post","type-post","status-publish","format-standard","has-post-thumbnail","hentry","category-politica"],"_links":{"self":[{"href":"https:\/\/247stiri.ro\/index.php\/wp-json\/wp\/v2\/posts\/39909","targetHints":{"allow":["GET"]}}],"collection":[{"href":"https:\/\/247stiri.ro\/index.php\/wp-json\/wp\/v2\/posts"}],"about":[{"href":"https:\/\/247stiri.ro\/index.php\/wp-json\/wp\/v2\/types\/post"}],"replies":[{"embeddable":true,"href":"https:\/\/247stiri.ro\/index.php\/wp-json\/wp\/v2\/comments?post=39909"}],"version-history":[{"count":0,"href":"https:\/\/247stiri.ro\/index.php\/wp-json\/wp\/v2\/posts\/39909\/revisions"}],"wp:featuredmedia":[{"embeddable":true,"href":"https:\/\/247stiri.ro\/index.php\/wp-json\/wp\/v2\/media\/39910"}],"wp:attachment":[{"href":"https:\/\/247stiri.ro\/index.php\/wp-json\/wp\/v2\/media?parent=39909"}],"wp:term":[{"taxonomy":"category","embeddable":true,"href":"https:\/\/247stiri.ro\/index.php\/wp-json\/wp\/v2\/categories?post=39909"},{"taxonomy":"post_tag","embeddable":true,"href":"https:\/\/247stiri.ro\/index.php\/wp-json\/wp\/v2\/tags?post=39909"}],"curies":[{"name":"wp","href":"https:\/\/api.w.org\/{rel}","templated":true}]}}