{"id":39929,"date":"2025-03-16T15:44:51","date_gmt":"2025-03-16T15:44:51","guid":{"rendered":"https:\/\/247stiri.ro\/index.php\/2025\/03\/16\/cum-se-implica-franta-in-alegerile-din-romania-intalnirea-controversata-din-biroul-sefului-ccr\/"},"modified":"2025-03-16T15:44:51","modified_gmt":"2025-03-16T15:44:51","slug":"cum-se-implica-franta-in-alegerile-din-romania-intalnirea-controversata-din-biroul-sefului-ccr","status":"publish","type":"post","link":"https:\/\/247stiri.ro\/index.php\/2025\/03\/16\/cum-se-implica-franta-in-alegerile-din-romania-intalnirea-controversata-din-biroul-sefului-ccr\/","title":{"rendered":"Cum se implic\u0103 Fran\u021ba \u00een alegerile din Rom\u00e2nia. \u00cent\u00e2lnirea controversat\u0103 din biroul \u0219efului CCR"},"content":{"rendered":"<p>Curtea Constitu\u021bional\u0103 a men\u021binut decizia Biroului Electoral Central de a-i refuza \u00eenregistrarea candidaturii lui C\u0103lin Georgescu la alegerile preziden\u021biale din luna mai. Instan\u021ba a invocat acelea\u0219i motive care au dus la lovitura de stat din 6 decembrie. Mai exact, CCR \u00eel acuz\u0103 pe Georgescu c\u0103 a folosit bo\u021bi pentru a cre\u0219te \u00een mediul online \u0219i a min\u021bit c\u00e2nd a declarat c\u0103 nu a cheltuit niciun ban \u00een campania electoral\u0103.<\/p>\n<p>\u00cens\u0103, decizia f\u0103r\u0103 precedent luat\u0103 de Curtea Constitu\u021bional\u0103 vine imediat dup\u0103 vizita ambasadorului Fran\u021bei la Bucure\u0219ti \u00een biroul \u0219efului CCR, Marian Enache. Dezv\u0103luirea bomb\u0103 a fost f\u0103cut\u0103 de liderul suverani\u0219tilor, George Simion.<\/p>\n<p>Dup\u0103 \u00eent\u00e2lnirea cu \u0219eful CCR, Nicolas Warnery a transmis un mesaj de sus\u021binere \u0219i solidaritatea fa\u021b\u0103 de Curtea Constitu\u021bional\u0103 a Rom\u00e2niei \u00een scandalul anul\u0103rii turului 2 al b\u0103t\u0103liei pentru Cotroceni. Asta pentru c\u0103 Rom\u00e2nia a fost aspru criticat\u0103 de pre\u0219edintele Statelor Unite, Donald Trump, \u0219i lideri europeni pentru decizia istoric\u0103.<\/p>\n<p><a title=\"CCR are pe rol 13 contestatii in ceea ce priveste candidaturile la prezidentiale. Victor Ponta, Nicusor Dan, George Simion, printre cei vizati\" href=\"https:\/\/www.realitatea.net\/stiri\/politica\/ccr-are-pe-rol-13-contestatii-in-ceea-ce-priveste-candidaturile-la-prezidentiale-victor-ponta-nicusor-dan-george-simion-printre-cei-vizati_67d6cb9f19c6c40b004e2949\">CCR are pe rol 13 contesta\u0163ii \u00een ceea ce prive\u015fte candidaturile la preziden\u021biale. Victor Ponta, Nicu\u0219or Dan, George Simion, printre cei viza\u021bi<\/a>\u00cens\u0103, pre\u0219edintele Fran\u021bei, Emmanuel Macron, \u0219i alte state europene conduse de globali\u0219ti au f\u0103cut scut \u00een jurul judec\u0103torilor CCR.V\u0103z\u00e2nd c\u0103 scandalul de la noi din \u021bar\u0103 se amplific\u0103 prin proteste uria\u0219e fa\u021b\u0103 de decizia anul\u0103rii turului 2, Emmanuel Macron a continuat cu ie\u0219irile publice \u00een care vorbea despre situa\u021bia din Rom\u00e2nia.\u00cen toate declara\u021biile sale, pre\u0219edintele francez a dat dreptate Cur\u021bii Constitu\u021bionale \u0219i a acuzat Rusia de implicare \u00een alegerile din Rom\u00e2nia.<\/p>\n<p>\u201eE o decizie inedita, foarte grav\u0103, care a bulversat Europa.. CCR a identificat implicarea Rusiei\u201d, spus pre\u0219edintele Fran\u021bei.De altfel, Emmanuel Macron sus\u021bine c\u0103 interesul Rusiei este de prelua controlul asupra statelor din estul Europei. \u00cens\u0103, pre\u0219edintele rus nu a fost la fel de vocal \u00een ceea ce prive\u0219te alegerile din Rom\u00e2nia, a\u0219a cum a fost \u00eensu\u0219i Macron.\u00a0<\/p>\n<p><a title=\"Zi decisiva pentru democratie la CCR: judecatorii analizeaza ACUM candidatura lui George Simion. Tensiune maxima: pe cine scoate SISTEMUL din cursa? - LIVE TEXT si VIDEO\" href=\"https:\/\/www.realitatea.net\/stiri\/politica\/zi-decisiva-la-curtea-constitutionala-se-analizeaza-candidatura-lui-george-simion_67d66cd49eb94643b062549d\">Zi decisiv\u0103 pentru democra\u021bie la CCR: judec\u0103torii analizeaz\u0103 ACUM candidatura lui George Simion. Tensiune maxim\u0103: pe cine scoate SISTEMUL din curs\u0103? &#8211; LIVE TEXT \u0219i VIDEO<\/a><\/p>","protected":false},"excerpt":{"rendered":"<p>Curtea Constitu\u021bional\u0103 a men\u021binut decizia Biroului Electoral Central de a-i refuza \u00eenregistrarea candidaturii lui C\u0103lin&hellip;<\/p>\n","protected":false},"author":0,"featured_media":39926,"comment_status":"open","ping_status":"open","sticky":false,"template":"","format":"standard","meta":{"footnotes":""},"categories":[2],"tags":[],"class_list":["post-39929","post","type-post","status-publish","format-standard","has-post-thumbnail","hentry","category-actual"],"_links":{"self":[{"href":"https:\/\/247stiri.ro\/index.php\/wp-json\/wp\/v2\/posts\/39929","targetHints":{"allow":["GET"]}}],"collection":[{"href":"https:\/\/247stiri.ro\/index.php\/wp-json\/wp\/v2\/posts"}],"about":[{"href":"https:\/\/247stiri.ro\/index.php\/wp-json\/wp\/v2\/types\/post"}],"replies":[{"embeddable":true,"href":"https:\/\/247stiri.ro\/index.php\/wp-json\/wp\/v2\/comments?post=39929"}],"version-history":[{"count":0,"href":"https:\/\/247stiri.ro\/index.php\/wp-json\/wp\/v2\/posts\/39929\/revisions"}],"wp:featuredmedia":[{"embeddable":true,"href":"https:\/\/247stiri.ro\/index.php\/wp-json\/wp\/v2\/media\/39926"}],"wp:attachment":[{"href":"https:\/\/247stiri.ro\/index.php\/wp-json\/wp\/v2\/media?parent=39929"}],"wp:term":[{"taxonomy":"category","embeddable":true,"href":"https:\/\/247stiri.ro\/index.php\/wp-json\/wp\/v2\/categories?post=39929"},{"taxonomy":"post_tag","embeddable":true,"href":"https:\/\/247stiri.ro\/index.php\/wp-json\/wp\/v2\/tags?post=39929"}],"curies":[{"name":"wp","href":"https:\/\/api.w.org\/{rel}","templated":true}]}}