{"id":39931,"date":"2025-03-16T15:44:51","date_gmt":"2025-03-16T15:44:51","guid":{"rendered":"https:\/\/247stiri.ro\/index.php\/2025\/03\/16\/toti-ochii-pe-romania-va-fi-lasat-simion-sa-candideze-lovitura-de-stat-criticata-la-nivel-mondial\/"},"modified":"2025-03-16T15:44:51","modified_gmt":"2025-03-16T15:44:51","slug":"toti-ochii-pe-romania-va-fi-lasat-simion-sa-candideze-lovitura-de-stat-criticata-la-nivel-mondial","status":"publish","type":"post","link":"https:\/\/247stiri.ro\/index.php\/2025\/03\/16\/toti-ochii-pe-romania-va-fi-lasat-simion-sa-candideze-lovitura-de-stat-criticata-la-nivel-mondial\/","title":{"rendered":"To\u021bi ochii pe Rom\u00e2nia: Va fi l\u0103sat Simion s\u0103 candideze? Lovitura de stat, criticat\u0103 la nivel mondial!"},"content":{"rendered":"<p>ECR, partid european \u00een cadrul c\u0103ruia George Simion ocup\u0103 func\u021bia de vicepre\u0219edinte, a transmis c\u0103 \u201eorice \u00eencercare de a exclude oponen\u021bii politici prin manevre administrative sau judiciare este o \u00eenc\u0103lcare grav\u0103 a principiilor democratice. Democra\u021bia trebuie s\u0103 fie protejat\u0103 \u00een toat\u0103 Europa, asigur\u00e2nd alegeri libere \u0219i corecte. Vom continua s\u0103 expunem manipularea politic\u0103 \u0219i s\u0103 ap\u0103r\u0103m dreptul oamenilor de a fi auzi\u021bi. Pentru libertate, pentru democra\u021bie, pentru o Europ\u0103 cu adev\u0103rat pluralist\u0103!\u201d<\/p>\n<p><a href=\"https:\/\/twitter.com\/ECRparty?ref_src=twsrc%5Etfw\">@ECRparty<\/a> stands with <a href=\"https:\/\/twitter.com\/georgesimion?ref_src=twsrc%5Etfw\">@georgesimion<\/a> and fully supports his candidacy in Romania\u2019s presidential election. Any attempt to exclude political opponents through administrative or judicial maneuvers is a grave violation of democratic principles. Democracy must be safeguarded across\u2026<\/p>\n<p>\u2014 ECR Party (@ECRparty) <a href=\"https:\/\/twitter.com\/ECRparty\/status\/1901237052613742996?ref_src=twsrc%5Etfw\">March 16, 2025<\/a><\/p>\n<p>De altfel, pre\u0219edintele ECR, fostul premier al Poloniei, Mateusz Morawiecki, a fost al\u0103turi de George Simion la depunerea candidaturii pentru preziden\u021biale:\u00a0<\/p>\n<p>George Simion startuje na prezydenta Rumunii. \ud83c\uddf7\ud83c\uddf4My\u015bl\u0119, \u017ce to jest najlepszy cz\u0142owiek na te trudne, niestabilne czasy \ud83d\udcaa\ud83e\udd1d <a href=\"https:\/\/t.co\/3YyDkBewQN\">pic.twitter.com\/3YyDkBewQN<\/a><\/p>\n<p>\u2014 Mateusz Morawiecki (@MorawieckiM) <a href=\"https:\/\/twitter.com\/MorawieckiM\/status\/1900577939881594882?ref_src=twsrc%5Etfw\">March 14, 2025<\/a><\/p>\n<p>Lovitura de stat dat\u0103 de sistem \u00een Rom\u00e2nia este criticat\u0103 \u0219i de fostul premier al Sloveniei, Janez Jansa: \u201eAcest lucru s-a \u00eent\u00e2mplat \u00een Slovenia \u00een iunie 2014, iar UE a fost \u00een mare parte t\u0103cut\u0103. Acum devine un model de urmat al politicii europene\u201d.\u00a0<\/p>\n<p>True. Any attempt to exclude political opponents through administrative or judicial maneuvers is a grave violation of democratic principles.This happened in Slovenia in June 2014 and the EU was mostly silent. Now it\u2019s becoming a role model of the European politics. <a href=\"https:\/\/t.co\/ESWcSeMFgy\">https:\/\/t.co\/ESWcSeMFgy<\/a><\/p>\n<p>\u2014 Janez Jan\u0161a (@JJansaSDS) <a href=\"https:\/\/twitter.com\/JJansaSDS\/status\/1901242058524004801?ref_src=twsrc%5Etfw\">March 16, 2025<\/a><\/p>\n<p>Mesaje de sus\u021binere pentru George Simion vin \u0219i din Portugalia. Parlamentarul Ricardo Regalla Dias Pinto sus\u021bine pe contul s\u0103u de X c\u0103 George Simion \u201eva restabili ordinea democratic\u0103 \u00een Rom\u00e2nia, aceast\u0103 \u021bar\u0103 fantastic\u0103\u201d.\u00a0<\/p>\n<p>Depois do epis\u00f3dio anti democr\u00e1tico a que o mundo assistiu com a anula\u00e7\u00e3o das elei\u00e7\u00f5es presidenciais na Rom\u00e9nia por parte do Tribunal Constitucional, seguido da persegui\u00e7\u00e3o e impedimento de concorrer do candidato massivamente escolhido pelo Povo, tudo por ser de direita, quem\u2026 <a href=\"https:\/\/t.co\/rn9v72Jmvz\">pic.twitter.com\/rn9v72Jmvz<\/a><\/p>\n<p>\u2014 Ricardo Regalla Dias Pinto (@dias_pint) <a href=\"https:\/\/twitter.com\/dias_pint\/status\/1900111317983215646?ref_src=twsrc%5Etfw\">March 13, 2025<\/a><\/p>\n<p>Europarlamentarul spaniol, Alvise P\u00e9rez, \u00a0a salutat decizia pre\u0219edintelui AUR, George Simion, de a continua lupta pentru libertate \u0219i democra\u021bie \u00een numele poporului rom\u00e2n care nu s-a predat, iar sistemul \u00een cele din urm\u0103 va fi \u00eenvins. \u201c\u00cen Rom\u00e2nia au dat gre\u0219, \u00een Spania vor e\u0219ua la fel. O mare \u00eembr\u0103\u021bi\u0219are tuturor celor care lupt\u0103 pentru libertate \u0219i democra\u021bie \u00een Rom\u00e2nia\u201d a conchis europarlamentul spaniol.<\/p>\n<p>Tot mai mul\u021bi lideri sunt \u00eengrijora\u021bi de faptul c\u0103 abuzurile \u00een Rom\u00e2nia ar putea continua prin interzicerea lui George Simion, dup\u0103 ce sistemul a eliminat deja doi candida\u021bi suverani\u0219ti, pe Diana \u0218o\u0219oac\u0103 \u0219i pe C\u0103lin Georgescu.\u00a0<\/p>\n<p>Europarlamentarul suedez Charlie Weimers sus\u021bine c\u0103 \u201edac\u0103 George Simion va fi blocat, atunci nu va r\u0103m\u00e2ne niciun candidat veritabil de dreapta. \u00centr-o asemenea situa\u021bie, ce va face Comisia European\u0103? Va protesta cineva \u00een Parlamentul European?\u201d.\u00a0<\/p>\n<p>Demokratin p\u00e5 spel i Rum\u00e4nien. Efter att presidentkandidaten Georgescu blivit kvalificerad ser det ut som att konservative partiledaren f\u00f6r AUR, <a href=\"https:\/\/twitter.com\/georgesimion?ref_src=twsrc%5Etfw\">@georgesimion<\/a>, kommer att vinna f\u00f6rsta omg\u00e5ngen i presidentvalet. Rapporter fr\u00e5n Bukarest varnar dock f\u00f6r att \u00e4ven han kan stoppas\u2026 <a href=\"https:\/\/t.co\/4ordP0d8QP\">pic.twitter.com\/4ordP0d8QP<\/a><\/p>\n<p>\u2014 Charlie Weimers MEP \ud83c\uddf8\ud83c\uddea (@weimers) <a href=\"https:\/\/twitter.com\/weimers\/status\/1900188937986982315?ref_src=twsrc%5Etfw\">March 13, 2025<\/a><\/p>\n<p>Lideri israelieni, mesaj de sus\u021binere pentru George Simion: Rom\u00e2nia va c\u00e2\u0219tiga un mare lider\u00a0\u00a0<\/p>\n<p>Pre\u0219edintele Cur\u021bii Supreme a Likud, Michael Kleiner, a trimis o scrisoare \u00een care \u00ee\u0219i arat\u0103 convingerea c\u0103 \u201edac\u0103 George Simion va fi ales pre\u0219edinte al Rom\u00e2niei, atunci \u201eRom\u00e2nia va c\u00e2\u0219tiga un mare lider, iar statul evreu un bun prieten\u201d.\u00a0<\/p>\n<p>\u0218i fostul ministru Amichay Eliyahu, membru al Parlamentului israelian, a postat pe X un mesaj de sus\u021binere pentru pre\u0219edintele AUR, George Simion: \u201eMult noroc, George Simion! Dumnezeu s\u0103 te binecuv\u00e2nteze \u0219i s\u0103 fie cu tine, pentru sprijinul t\u0103u pentru Israel\u201d.\u00a0<\/p>\n<p>Good luck! George Simion. May God bless you and be with you for your support of Israel. <a href=\"https:\/\/t.co\/n9J8LCcykC\">https:\/\/t.co\/n9J8LCcykC<\/a><\/p>\n<p>\u2014 \ud83c\uddee\ud83c\uddf1\u05e2\u05de\u05d9\u05d7\u05d9 \u05d0\u05dc\u05d9\u05d4\u05d5 &#8211; Amichay Eliyahu (@Eliyahu_a) <a href=\"https:\/\/twitter.com\/Eliyahu_a\/status\/1900255191389143509?ref_src=twsrc%5Etfw\">March 13, 2025<\/a><\/p>\n<p>Yossi Dagan, activist \u0219i politician israelian, \u0219ef al Consiliului ora\u0219ului Shomron, \u00eel descrie pe George Simion drept \u201eun mare lider, un om cinstit \u0219i bun, un adev\u0103rat prieten al statului Israel\u201d \u0219i \u00eei ureaz\u0103 noroc \u00een cursa electoral\u0103.\u00a0<\/p>\n<p>\u00a0\u00a0\u00a0\u00a0\u00a0View this post on Instagram\u00a0\u00a0\u00a0\u00a0\u00a0\u00a0\u00a0\u00a0\u00a0\u00a0\u00a0<\/p>\n<p><a href=\"https:\/\/www.instagram.com\/p\/DHJeubNNeau\/?utm_source=ig_embed&amp;utm_campaign=loading\" target=\"_blank\">A post shared by yosi dagan &#8211; \u05d9\u05d5\u05e1\u05d9 \u05d3\u05d2\u05df (@yosidagan4)<\/a><\/p>\n<p>\u0218i <a href=\"https:\/\/francesoir.fr\/politique-monde\/george-simion-le-flambeau-du-souverainisme-roumain-candidat-la-presidentielle-une\" target=\"_blank\">jurnali\u0219tii str\u0103ini<\/a> vorbesc despre candidatura lui George Simion la alegerile preziden\u021biale. \u00centr-un articol publicat, jurnali\u0219tii de la France Soir \u00eel descriu pe George Simion drept \u201etor\u021ba suveranit\u0103\u021bii rom\u00e2ne\u0219ti\u201d \u0219i vorbesc despre candidatura sa la preziden\u021biale drept \u201eun moment care marcheaz\u0103 un punct de cotitur\u0103 \u00een criza democratic\u0103 care zguduie \u021bara de luni de zile\u201d.\u00a0\u00a0<\/p>\n<p>Biroul Electoral Central a validat dosarul de candidatur\u0103 a pre\u0219edintelui AUR, George Simion, \u00eens\u0103 decizia final\u0103 apar\u021bine judec\u0103torilor Cur\u021bii Constitu\u021bionale.<\/p>","protected":false},"excerpt":{"rendered":"<p>ECR, partid european \u00een cadrul c\u0103ruia George Simion ocup\u0103 func\u021bia de vicepre\u0219edinte, a transmis c\u0103&hellip;<\/p>\n","protected":false},"author":0,"featured_media":39928,"comment_status":"open","ping_status":"open","sticky":false,"template":"","format":"standard","meta":{"footnotes":""},"categories":[2],"tags":[],"class_list":["post-39931","post","type-post","status-publish","format-standard","has-post-thumbnail","hentry","category-actual"],"_links":{"self":[{"href":"https:\/\/247stiri.ro\/index.php\/wp-json\/wp\/v2\/posts\/39931","targetHints":{"allow":["GET"]}}],"collection":[{"href":"https:\/\/247stiri.ro\/index.php\/wp-json\/wp\/v2\/posts"}],"about":[{"href":"https:\/\/247stiri.ro\/index.php\/wp-json\/wp\/v2\/types\/post"}],"replies":[{"embeddable":true,"href":"https:\/\/247stiri.ro\/index.php\/wp-json\/wp\/v2\/comments?post=39931"}],"version-history":[{"count":0,"href":"https:\/\/247stiri.ro\/index.php\/wp-json\/wp\/v2\/posts\/39931\/revisions"}],"wp:featuredmedia":[{"embeddable":true,"href":"https:\/\/247stiri.ro\/index.php\/wp-json\/wp\/v2\/media\/39928"}],"wp:attachment":[{"href":"https:\/\/247stiri.ro\/index.php\/wp-json\/wp\/v2\/media?parent=39931"}],"wp:term":[{"taxonomy":"category","embeddable":true,"href":"https:\/\/247stiri.ro\/index.php\/wp-json\/wp\/v2\/categories?post=39931"},{"taxonomy":"post_tag","embeddable":true,"href":"https:\/\/247stiri.ro\/index.php\/wp-json\/wp\/v2\/tags?post=39931"}],"curies":[{"name":"wp","href":"https:\/\/api.w.org\/{rel}","templated":true}]}}