{"id":39940,"date":"2025-03-16T17:45:20","date_gmt":"2025-03-16T17:45:20","guid":{"rendered":"https:\/\/247stiri.ro\/index.php\/2025\/03\/16\/sarpele-de-la-vatican-iluzia-optica-inspaimantatoare-pe-care-unii-o-vad-in-spatele-papei-foto\/"},"modified":"2025-03-16T17:45:20","modified_gmt":"2025-03-16T17:45:20","slug":"sarpele-de-la-vatican-iluzia-optica-inspaimantatoare-pe-care-unii-o-vad-in-spatele-papei-foto","status":"publish","type":"post","link":"https:\/\/247stiri.ro\/index.php\/2025\/03\/16\/sarpele-de-la-vatican-iluzia-optica-inspaimantatoare-pe-care-unii-o-vad-in-spatele-papei-foto\/","title":{"rendered":"\u0218arpele de la Vatican. Iluzia optic\u0103 \u00eensp\u0103im\u00e2nt\u0103toare pe care unii o v\u0103d \u00een spatele Papei- FOTO"},"content":{"rendered":"<p>Sala de audien\u021be a Vaticanului, unde Suveranul Pontif \u00eei prime\u0219te \u0219i li se adreseaz\u0103 credincio\u0219ilor, a fost creat\u0103 de arhitectul Pier Luigi Nervi, despre care pasiona\u021bii de mistere cred c\u0103 ar fi plasat inten\u021bionat o serie de simboluri ascunse, dar sub nasul tuturor.Cel mai \u00eensp\u0103im\u00e2nt\u0103tor, spun ei, este cel al SARPELUI, imaginea creat\u0103 atunci c\u00e2nd sala uria\u0219\u0103, cu o capacitate de peste 6 mii de locuri, este privit\u0103 din ultimele r\u00e2nduri.Principala ipotez\u0103 care este discutat\u0103 printre cei mai mul\u021bi pasiona\u021bi ai misterelor este legat\u0103 de oculta mondial\u0103 care s-ar ascunde \u00een spatele institu\u021biei Bisericii \u0219i astfel ar transmite mesaje subliminale.\u00a0De aici p\u00e2n\u0103 la reptilieni \u0219i Illuminati nu este dec\u00e2t un pas, potrivit platfomrei de opnii \u0219i dezbateri\u00a0<a href=\"https:\/\/qr.ae\/psuAVJ\" target=\"_blank\">Quora.com.<\/a><\/p>\n<p>Pesimi\u0219\u021bii spun c\u0103 este vorba de o simpl\u0103 iluzie optic\u0103 bazat\u0103 pe ideea c\u0103 &#8222;frumuse\u021bea st\u0103 \u00een ochiul privitorului&#8221;.<\/p>\n<p><a title='Noi informatii de la Vatican privind starea de sanatate a Papei Francisc. \"A petrecut o noapte linistita si se odihneste\"' href=\"https:\/\/www.realitatea.net\/stiri\/actual\/noi-informatii-de-la-vatican-privind-starea-de-sanatate-a-papei-francisc-a-petrecut-o-noapte-linistita-si-se-odihneste_67cebf5499529d66bc5e5872\">Noi informa\u021bii de la Vatican privind starea de s\u0103n\u0103tate a Papei Francisc. \u201dA petrecut o noapte lini\u015ftit\u0103 \u015fi se odihne\u015fte\u201d<\/a><\/p>","protected":false},"excerpt":{"rendered":"<p>Sala de audien\u021be a Vaticanului, unde Suveranul Pontif \u00eei prime\u0219te \u0219i li se adreseaz\u0103 credincio\u0219ilor,&hellip;<\/p>\n","protected":false},"author":0,"featured_media":39937,"comment_status":"open","ping_status":"open","sticky":false,"template":"","format":"standard","meta":{"footnotes":""},"categories":[2],"tags":[],"class_list":["post-39940","post","type-post","status-publish","format-standard","has-post-thumbnail","hentry","category-actual"],"_links":{"self":[{"href":"https:\/\/247stiri.ro\/index.php\/wp-json\/wp\/v2\/posts\/39940","targetHints":{"allow":["GET"]}}],"collection":[{"href":"https:\/\/247stiri.ro\/index.php\/wp-json\/wp\/v2\/posts"}],"about":[{"href":"https:\/\/247stiri.ro\/index.php\/wp-json\/wp\/v2\/types\/post"}],"replies":[{"embeddable":true,"href":"https:\/\/247stiri.ro\/index.php\/wp-json\/wp\/v2\/comments?post=39940"}],"version-history":[{"count":0,"href":"https:\/\/247stiri.ro\/index.php\/wp-json\/wp\/v2\/posts\/39940\/revisions"}],"wp:featuredmedia":[{"embeddable":true,"href":"https:\/\/247stiri.ro\/index.php\/wp-json\/wp\/v2\/media\/39937"}],"wp:attachment":[{"href":"https:\/\/247stiri.ro\/index.php\/wp-json\/wp\/v2\/media?parent=39940"}],"wp:term":[{"taxonomy":"category","embeddable":true,"href":"https:\/\/247stiri.ro\/index.php\/wp-json\/wp\/v2\/categories?post=39940"},{"taxonomy":"post_tag","embeddable":true,"href":"https:\/\/247stiri.ro\/index.php\/wp-json\/wp\/v2\/tags?post=39940"}],"curies":[{"name":"wp","href":"https:\/\/api.w.org\/{rel}","templated":true}]}}