{"id":39952,"date":"2025-03-16T18:44:52","date_gmt":"2025-03-16T18:44:52","guid":{"rendered":"https:\/\/247stiri.ro\/index.php\/2025\/03\/16\/ce-sanse-are-george-simion-sa-intre-in-turul-doi-miscarea-lui-calin-georgescu-care-poate-schimba-jocurile-pe-scena-electorala-miron-mitrea-analiza-la-rece\/"},"modified":"2025-03-16T18:44:52","modified_gmt":"2025-03-16T18:44:52","slug":"ce-sanse-are-george-simion-sa-intre-in-turul-doi-miscarea-lui-calin-georgescu-care-poate-schimba-jocurile-pe-scena-electorala-miron-mitrea-analiza-la-rece","status":"publish","type":"post","link":"https:\/\/247stiri.ro\/index.php\/2025\/03\/16\/ce-sanse-are-george-simion-sa-intre-in-turul-doi-miscarea-lui-calin-georgescu-care-poate-schimba-jocurile-pe-scena-electorala-miron-mitrea-analiza-la-rece\/","title":{"rendered":"Ce \u0219anse are George Simion s\u0103 intre \u00een turul doi. Mi\u0219carea lui C\u0103lin Georgescu care poate schimba jocurile pe scena electoral\u0103. Miron Mitrea, analiz\u0103 la rece"},"content":{"rendered":"<p>Mitrea a f\u0103cut o compara\u021bie \u00eentre George Simion \u0219i C\u0103lin Georgescu, afirm\u00e2nd c\u0103 primul are mai pu\u021bine \u0219anse de succes \u00een alegeri dec\u00e2t avea Georgescu. Cu toate acestea, anumite mi\u0219c\u0103ri pe scena politic\u0103 s-ar putea dovedi surprinz\u0103toare cu privire la parcursul liderului AUR, iar deciziile Anamariei Gavril\u0103 ar putea avea un impact semnificativ asupra parcursului electoral viitor.<\/p>\n<p>\u201eSitua\u021bia este complex\u0103 \u0219i nu s-a terminat \u00een acest moment o analiz\u0103 pe h\u00e2rtie. George Simion are mai pu\u021bin \u0219anse s\u0103 c\u00e2\u0219tige dec\u00e2t avea C\u0103lin Georgescu. \u0218i aici vreau s\u0103 v\u0103d dac\u0103 domnul C\u0103lin Georgescu este sau nu este un om serios. George a fost un om serios. S-a lipit de C\u0103lin Georgescu \u0219i a mers cu el p\u00e2n\u0103 la cap\u0103t. Cap\u0103tul nu l-a decis nici George, nici C\u0103lin Georgescu, l-au decis ni\u0219te oameni de aparat, \u0219i nu m\u0103 refer aici neap\u0103rat la cei de la Curtea Constitu\u021bional\u0103.<\/p>\n<p>Deci eu vreau s\u0103 v\u0103d dac\u0103 m\u00e2ine C\u0103lin Georgescu face cu George Simion ceea ce George Simion a f\u0103cut cu C\u0103lin Georgescu. Pentru c\u0103 anumite lucruri care se \u00eent\u00e2mpl\u0103 mie \u00eemi spun lucruri multe.<\/p>\n<p>C\u00e2nd s-a \u00eenscris Toni \u00een campania electoral\u0103, am \u00eenceput s\u0103 am \u00eendoieli dac\u0103 domnul C\u0103lin Georgescu \u00eel va sprijini sau nu pe George Simion. Acum Toni s-a retras. A fost \u00een echipa de campanie a lui Klaus Iohannis la prima candidatur\u0103, a fost \u00een echipa de campanie a Vioric\u0103i D\u0103ncil\u0103 la a doua candidatur\u0103 a lui Klaus Iohannis, a mai fost \u00een echipa de campanie a lui Nicu\u0219or Dan. El este ac\u021bionar la o firm\u0103 care cu a\u0219a ceva se ocup\u0103.<\/p>\n<p>Eu m\u0103 a\u0219tept acum, dup\u0103 retragerea lui Toni din campanie, ca C\u0103lin Georgescu m\u00e2ine s\u0103 declare sus \u0219i tare \u0219i s\u0103 mearg\u0103 \u0219i s\u0103 fie \u00een spatele lui George Simion. Dac\u0103 domnul C\u0103lin Georgescu nu face asta m\u00e2ine sau poim\u00e2ine, atunci se va dovedi de o calitate mai sc\u0103zut\u0103 dec\u00e2t ceea ce au sperat cei care vor s\u0103 \u00eel voteze.<\/p>\n<p><a title=\"Prima reactie a lui George Simion dupa validarea candidaturii la prezidentiale de catre CCR: Vom reveni la vointa poporului roman!\" href=\"https:\/\/www.realitatea.net\/stiri\/politica\/prima-reactie-a-lui-george-simion-dupa-validarea-candidaturii-la-prezidentiale-de-catre-ccr_67d6f83bce39d90db12b8615\">Prima reac\u021bie a lui George Simion dup\u0103 validarea candidaturii la preziden\u021biale de c\u0103tre CCR: Vom reveni la voin\u021ba poporului rom\u00e2n!<\/a><\/p>\n<p>Dac\u0103 \u00eel v\u0103d pe C\u0103lin Georgescu sprijinindu-l pe George, asta \u00eenseamn\u0103 c\u0103 este un om de calitate. De asemenea, m\u0103 a\u0219tept de la \u0219efa POT, Anamaria Gavril\u0103, s\u0103 \u00ee\u0219i retrag\u0103 candidatura dup\u0103 validarea de c\u0103tre CCR. Din 20 martie nu se mai poate retrage nimeni. Dac\u0103 acest lucru nu se \u00eent\u00e2mpl\u0103 p\u00e2n\u0103 pe 20, \u00eenseamn\u0103 c\u0103 e \u0219mecherie.<\/p>\n<p>Haide\u021bi s\u0103 nu ne ascundem sub tot felul de vorbe. S\u0103 nu credem c\u0103 acum \u00een jurul lui George, to\u021bi cei care s-au f\u0103cut c\u0103 \u00eel sprijin\u0103 chiar \u00eel sprijin\u0103. C\u00e2nd e vorba de o candidatur\u0103 la un asemenea nivel, oamenii tind s\u0103 nu mai g\u00e2ndeasc\u0103 ra\u021bional. Se g\u00e2ndesc c\u0103 \u201edac\u0103 m\u0103 voteaz\u0103 \u0103\u0219tia\u201d. Puterea corupe foarte mult. To\u021bi politicienii pe care i-am cunoscut eu, unul singur nu a fost corupt de putere. To\u021bi au fost ame\u021bi\u021bi de putere. Am v\u0103zut mai mul\u021bi politicieni care numai g\u00e2ndul c\u0103 vor candida le-au luat min\u021bile.<\/p>\n<p>L-am v\u0103zut pe C\u0103t\u0103lin Drul\u0103 de la USR, \u0219i nu era un politician r\u0103u, era un tip rezonabil, un politician inteligent. Asta v\u0103 spun: Ce face doamna Anamaria Gavril\u0103 \u0219i ce face domnul C\u0103lin Georgescu. Modul \u00een care ei se vor comporta va conta foarte mult.<\/p>\n<p>Anamaria Gavril\u0103, dac\u0103 merge, nu va lua 1%. Are un partid de 5% pentru c\u0103 l-a sprijinit pe C\u0103lin Georgescu c\u00e2nd era pe val \u0219i pentru c\u0103 \u00eentreaga for\u021b\u0103 care a fost \u00een spatele social media s-a mutat la ea, nu s-a mutat la George, s-a mutat la ea, la POT. Poate s\u0103 vin\u0103 c\u0103 \u00eei spun \u0219i cum se nume\u0219te firma, \u0219i \u00eei dau \u0219i \u00eenregistr\u0103rile. Pentru c\u0103 asta e, dac\u0103 am lucrat \u00een meseria asta le \u0219tiu. Chiar dac\u0103 ea are \u00een spate acest aparat, cu tot cu C\u0103lin Georgescu, nu intr\u0103 \u00een turul doi. Nu are nici cea mai mic\u0103 \u0219ans\u0103. Exist\u0103 mult mai multe elemente pe care trebuie s\u0103 le \u00eendepline\u0219ti. George are o \u0219ans\u0103, dar revin, dac\u0103 r\u0103m\u00e2ne Anamaria \u00een curs\u0103, \u00eenseamn\u0103 c\u0103 pe ea o sprijin\u0103 C\u0103lin Georgescu.\u201d, a spus MIron Mitrea \u00een cadrul emisiunii Culisele Pyuterii la Realitatea Plus.\u00a0<\/p>\n<p><a title=\"Candidatura lui George Simion a fost VALIDATA de Curtea Constitutionala - LIVE TEXT si VIDEO\" href=\"https:\/\/www.realitatea.net\/stiri\/politica\/zi-decisiva-la-curtea-constitutionala-se-analizeaza-candidatura-lui-george-simion_67d66cd49eb94643b062549d\">Candidatura lui George Simion a fost VALIDAT\u0102 de Curtea Constitu\u021bional\u0103 &#8211; LIVE TEXT \u0219i VIDEO<\/a><\/p>","protected":false},"excerpt":{"rendered":"<p>Mitrea a f\u0103cut o compara\u021bie \u00eentre George Simion \u0219i C\u0103lin Georgescu, afirm\u00e2nd c\u0103 primul are&hellip;<\/p>\n","protected":false},"author":0,"featured_media":39949,"comment_status":"open","ping_status":"open","sticky":false,"template":"","format":"standard","meta":{"footnotes":""},"categories":[2],"tags":[],"class_list":["post-39952","post","type-post","status-publish","format-standard","has-post-thumbnail","hentry","category-actual"],"_links":{"self":[{"href":"https:\/\/247stiri.ro\/index.php\/wp-json\/wp\/v2\/posts\/39952","targetHints":{"allow":["GET"]}}],"collection":[{"href":"https:\/\/247stiri.ro\/index.php\/wp-json\/wp\/v2\/posts"}],"about":[{"href":"https:\/\/247stiri.ro\/index.php\/wp-json\/wp\/v2\/types\/post"}],"replies":[{"embeddable":true,"href":"https:\/\/247stiri.ro\/index.php\/wp-json\/wp\/v2\/comments?post=39952"}],"version-history":[{"count":0,"href":"https:\/\/247stiri.ro\/index.php\/wp-json\/wp\/v2\/posts\/39952\/revisions"}],"wp:featuredmedia":[{"embeddable":true,"href":"https:\/\/247stiri.ro\/index.php\/wp-json\/wp\/v2\/media\/39949"}],"wp:attachment":[{"href":"https:\/\/247stiri.ro\/index.php\/wp-json\/wp\/v2\/media?parent=39952"}],"wp:term":[{"taxonomy":"category","embeddable":true,"href":"https:\/\/247stiri.ro\/index.php\/wp-json\/wp\/v2\/categories?post=39952"},{"taxonomy":"post_tag","embeddable":true,"href":"https:\/\/247stiri.ro\/index.php\/wp-json\/wp\/v2\/tags?post=39952"}],"curies":[{"name":"wp","href":"https:\/\/api.w.org\/{rel}","templated":true}]}}