{"id":3998,"date":"2024-11-03T08:57:07","date_gmt":"2024-11-03T08:57:07","guid":{"rendered":"https:\/\/247stiri.ro\/index.php\/2024\/11\/03\/cum-arata-orasul-de-maine-din-romania-strainii-sunt-atrasi-de-acest-loc\/"},"modified":"2024-11-03T08:57:07","modified_gmt":"2024-11-03T08:57:07","slug":"cum-arata-orasul-de-maine-din-romania-strainii-sunt-atrasi-de-acest-loc","status":"publish","type":"post","link":"https:\/\/247stiri.ro\/index.php\/2024\/11\/03\/cum-arata-orasul-de-maine-din-romania-strainii-sunt-atrasi-de-acest-loc\/","title":{"rendered":"Cum arat\u0103 \u201eora\u0219ul de m\u00e2ine\u201d din Rom\u00e2nia? Str\u0103inii sunt atra\u0219i de acest loc"},"content":{"rendered":"<p>Investi\u021biile considerabile \u0219i proiectele de anvergur\u0103 au transformat acest ora\u0219 \u00eentr-un centru urban model, iar frumuse\u021bea locului \u00eel face \u0219i o destina\u021bie turistic\u0103 apreciat\u0103 de pasiona\u021bii de fotografie, potrivit Fanatik.<\/p>\n<p><a href=\"https:\/\/www.realitatea.net\/stiri\/actual\/descinderi-in-oradea-la-locuintele-a-3-jandarmi-si-la-sediul-jandarmeriei-bihor-intrun-megadosar-de-coruptie-conexiuni-nebanuite-cu-cazul-congo-surse_6720acf85158144def7380a7\" target=\"_blank\" rel=\"noopener\">Arhitectura sa unic\u0103<\/a> \u0219i infrastructura modernizat\u0103 sunt printre primele lucruri care atrag vizitatorii, mul\u021bi dintre ace\u0219tia dorind s\u0103 se stabileasc\u0103 permanent \u00een Oradea, ora\u0219 \u00een care accesul la locuri de munc\u0103 este relativ facil \u00een diverse sectoare. \u00centr-un clasament recent, Oradea se afl\u0103 pe locul al patrulea \u00een preferin\u021bele rom\u00e2nilor care ar vrea s\u0103 se mute, \u0219i pe locul al doilea \u00een topul destina\u021biilor turistice recomandate, conform unui studiu realizat de AHA Moments pentru \u201eDestina\u021bii Vizionare\u201d, citat de infooradea.ro.<\/p>\n<p>Or\u0103denii \u0219i turi\u0219tii apreciaz\u0103 atmosfera relaxant\u0103 a ora\u0219ului, care stimuleaz\u0103 creativitatea \u0219i are o puternic\u0103 dimensiune educa\u021bional\u0103. \u00centre 2015 \u0219i 2019, num\u0103rul de turi\u0219ti a crescut semnificativ, de la 120.000 la 250.000, sus\u021bin\u00e2nd dezvoltarea local\u0103. Ilie Bolojan, fostul primar al Oradei \u0219i actual pre\u0219edinte al Consiliului Jude\u021bean Bihor, a fost o figur\u0103 cheie \u00een aceast\u0103 transformare, folosind fonduri europene pentru a aduce ora\u0219ul la standarde interna\u021bionale.<\/p>\n<p>Atrac\u021biile turistice de neratat din Oradea<\/p>\n<p>Ora\u0219ul abund\u0103 \u00een obiective turistice, inclusiv celebrul Palat Vulturul Negru \u0219i Pia\u021ba Unirii, modernizat\u0103 \u00een 2012, care atrage vizitatori din toat\u0103 \u021bara. Sinagoga Neologa Sion, situat\u0103 pe malul apei, adaug\u0103 o not\u0103 cultural\u0103 aparte, g\u0103zduind expozi\u021bii de art\u0103 contemporan\u0103, concerte \u0219i vernisaje. De asemenea, recent restaurat\u0103 cu fonduri europene, Casa Darvas func\u021bioneaz\u0103 acum ca muzeu dedicat stilului Art Nouveau, oferind vizitatorilor o experien\u021b\u0103 interactiv\u0103 \u0219i atrac\u021bii speciale pentru cei mici.<\/p>\n<p>Un ora\u0219 ren\u0103scut prin investi\u021bii<\/p>\n<p><a href=\"https:\/\/www.realitatea.net\/stiri\/actual\/nicolae-ciuca-in-vizita-la-o-fabrica-din-oradea-pnl-sprijina-antreprenorii-locali_6708ef141807993066531f94\" target=\"_blank\" rel=\"noopener\">Oradea a beneficiat de investi\u021bii semnificative<\/a> \u00een infrastructura de transport \u0219i \u00een sectorul de afaceri, atr\u0103g\u00e2nd peste 600 de milioane de euro din fonduri europene. Ora\u0219ul este cunoscut pentru patrimoniul s\u0103u istoric, cu aproximativ 100 de monumente \u0219i cl\u0103diri deosebite care \u00eenc\u00e2nt\u0103 vizitatorii. Printre acestea, Palatul Vulturul Negru r\u0103m\u00e2ne un simbol local, devenit celebru \u00een fotografiile turi\u0219tilor.<\/p>\n<p>\u201eReabilitarea \u0219i conservarea acestuia au contribuit la o promovare natural\u0103 a ora\u0219ului, f\u0103c\u00e2nd ca oamenii s\u0103 fie m\u00e2ndri de identitatea ora\u0219ului lor,\u201d a declarat Ilie Bolojan, pre\u0219edintele CJ Bihor, conform Digi24.<\/p>","protected":false},"excerpt":{"rendered":"<p>Investi\u021biile considerabile \u0219i proiectele de anvergur\u0103 au transformat acest ora\u0219 \u00eentr-un centru urban model, iar&hellip;<\/p>\n","protected":false},"author":0,"featured_media":3999,"comment_status":"open","ping_status":"open","sticky":false,"template":"","format":"standard","meta":{"footnotes":""},"categories":[8],"tags":[],"class_list":["post-3998","post","type-post","status-publish","format-standard","has-post-thumbnail","hentry","category-lifestyle"],"_links":{"self":[{"href":"https:\/\/247stiri.ro\/index.php\/wp-json\/wp\/v2\/posts\/3998","targetHints":{"allow":["GET"]}}],"collection":[{"href":"https:\/\/247stiri.ro\/index.php\/wp-json\/wp\/v2\/posts"}],"about":[{"href":"https:\/\/247stiri.ro\/index.php\/wp-json\/wp\/v2\/types\/post"}],"replies":[{"embeddable":true,"href":"https:\/\/247stiri.ro\/index.php\/wp-json\/wp\/v2\/comments?post=3998"}],"version-history":[{"count":0,"href":"https:\/\/247stiri.ro\/index.php\/wp-json\/wp\/v2\/posts\/3998\/revisions"}],"wp:featuredmedia":[{"embeddable":true,"href":"https:\/\/247stiri.ro\/index.php\/wp-json\/wp\/v2\/media\/3999"}],"wp:attachment":[{"href":"https:\/\/247stiri.ro\/index.php\/wp-json\/wp\/v2\/media?parent=3998"}],"wp:term":[{"taxonomy":"category","embeddable":true,"href":"https:\/\/247stiri.ro\/index.php\/wp-json\/wp\/v2\/categories?post=3998"},{"taxonomy":"post_tag","embeddable":true,"href":"https:\/\/247stiri.ro\/index.php\/wp-json\/wp\/v2\/tags?post=3998"}],"curies":[{"name":"wp","href":"https:\/\/api.w.org\/{rel}","templated":true}]}}