{"id":39989,"date":"2025-03-17T05:44:56","date_gmt":"2025-03-17T05:44:56","guid":{"rendered":"https:\/\/247stiri.ro\/index.php\/2025\/03\/17\/george-simion-interviul-momentului-in-presa-straina-voi-lupta-pentru-democratie-si-vointa-poporului\/"},"modified":"2025-03-17T05:44:56","modified_gmt":"2025-03-17T05:44:56","slug":"george-simion-interviul-momentului-in-presa-straina-voi-lupta-pentru-democratie-si-vointa-poporului","status":"publish","type":"post","link":"https:\/\/247stiri.ro\/index.php\/2025\/03\/17\/george-simion-interviul-momentului-in-presa-straina-voi-lupta-pentru-democratie-si-vointa-poporului\/","title":{"rendered":"George Simion, interviul momentului \u00een presa str\u0103in\u0103: Voi lupta pentru democra\u021bie \u0219i voin\u021ba poporului"},"content":{"rendered":"<p>&#8222;A doua depunere a candidaturii lui C\u0103lin Georgescu a fost refuzat\u0103, pentru c\u0103 prezenta o provocare direct\u0103 a institu\u021biilor politice. Ei au v\u0103zut c\u0103 el prive\u0219te dorin\u021bele poporului rom\u00e2n mai presus dec\u00e2t interesele externe. Excluderea sa nu a fost despre legalitate sau democra\u021bie. A fost vorba despre control. Elitele puterii din Rom\u00e2nia, al\u0103turi de globali\u0219tii din Bruxelles, au v\u0103zut c\u0103 el a c\u00e2\u0219tigat sus\u021binerea rom\u00e2nilor care vor o schimbare real\u0103. A\u0219a c\u0103, ei au decis s\u0103 \u00eel elimine, \u00eenainte ca el s\u0103 fac\u0103 auzit\u0103 vocea poporului.\u00a0<\/p>\n<p>Ori de c\u00e2te ori apare un candidat care pune interesele na\u021bionale peste agendele globaliste, ei \u00eel discrediteaz\u0103. Ei sunt ataca\u021bi sau elimina\u021bi, prin tehnici sau prin abuzuri directe cu \u00eenc\u0103lcarea statului de drept.\u00a0<\/p>\n<p>Dac\u0103 voi fi ales, prioritatea mea va fi de a schimba puterea decizional\u0103 \u00een favoarea poporului rom\u00e2n. Voi lupta pentru democra\u021bie, voi lupta pentru voin\u021ba poporului. \u0218i totodat\u0103, voi lupta pentru ca alia\u021bii no\u0219tri s\u0103 ne vad\u0103 drept parteneri egali, nu ca cet\u0103\u021beni de m\u00e2na a doua sau sclavi. Rom\u00e2nia trebuie s\u0103-\u0219i dob\u00e2ndeasc\u0103 din nou controlul asupra propriilor politici, indiferent dac\u0103 sunt economice, sociale sau militare. Noi suntem \u0219i vom r\u0103m\u00e2ne parte din UE, \u00eens\u0103 vom lupta pentru acela\u0219i nivel de suveranitate, nivel de care Fran\u021ba \u0219i Germania beneficiaz\u0103 din plin&#8221;, a declarat George Simion.\u00a0<\/p>","protected":false},"excerpt":{"rendered":"<p>&#8222;A doua depunere a candidaturii lui C\u0103lin Georgescu a fost refuzat\u0103, pentru c\u0103 prezenta o&hellip;<\/p>\n","protected":false},"author":0,"featured_media":39990,"comment_status":"open","ping_status":"open","sticky":false,"template":"","format":"standard","meta":{"footnotes":""},"categories":[3],"tags":[],"class_list":["post-39989","post","type-post","status-publish","format-standard","has-post-thumbnail","hentry","category-politica"],"_links":{"self":[{"href":"https:\/\/247stiri.ro\/index.php\/wp-json\/wp\/v2\/posts\/39989","targetHints":{"allow":["GET"]}}],"collection":[{"href":"https:\/\/247stiri.ro\/index.php\/wp-json\/wp\/v2\/posts"}],"about":[{"href":"https:\/\/247stiri.ro\/index.php\/wp-json\/wp\/v2\/types\/post"}],"replies":[{"embeddable":true,"href":"https:\/\/247stiri.ro\/index.php\/wp-json\/wp\/v2\/comments?post=39989"}],"version-history":[{"count":0,"href":"https:\/\/247stiri.ro\/index.php\/wp-json\/wp\/v2\/posts\/39989\/revisions"}],"wp:featuredmedia":[{"embeddable":true,"href":"https:\/\/247stiri.ro\/index.php\/wp-json\/wp\/v2\/media\/39990"}],"wp:attachment":[{"href":"https:\/\/247stiri.ro\/index.php\/wp-json\/wp\/v2\/media?parent=39989"}],"wp:term":[{"taxonomy":"category","embeddable":true,"href":"https:\/\/247stiri.ro\/index.php\/wp-json\/wp\/v2\/categories?post=39989"},{"taxonomy":"post_tag","embeddable":true,"href":"https:\/\/247stiri.ro\/index.php\/wp-json\/wp\/v2\/tags?post=39989"}],"curies":[{"name":"wp","href":"https:\/\/api.w.org\/{rel}","templated":true}]}}