{"id":40016,"date":"2025-03-17T07:45:14","date_gmt":"2025-03-17T07:45:14","guid":{"rendered":"https:\/\/247stiri.ro\/index.php\/2025\/03\/17\/rapperul-jianu-prins-cu-droguri-intr-un-taxi-ce-a-descoperit-politia-sub-scaun-in-masina\/"},"modified":"2025-03-17T07:45:14","modified_gmt":"2025-03-17T07:45:14","slug":"rapperul-jianu-prins-cu-droguri-intr-un-taxi-ce-a-descoperit-politia-sub-scaun-in-masina","status":"publish","type":"post","link":"https:\/\/247stiri.ro\/index.php\/2025\/03\/17\/rapperul-jianu-prins-cu-droguri-intr-un-taxi-ce-a-descoperit-politia-sub-scaun-in-masina\/","title":{"rendered":"Rapperul Jianu, prins cu droguri \u00eentr-un taxi. Ce a descoperit poli\u021bia sub scaun, \u00een ma\u0219in\u0103"},"content":{"rendered":"<p>\u201dLa data de 16 martie 2025, poli\u0163i\u015ftii Direc\u0163iei Generale de Poli\u0163ie a Municipiului Bucure\u015fti \u2013 Sec\u0163ia 26 Poli\u0163ie au depistat un b\u0103rbat, \u00een v\u00e2rst\u0103 de 28 de ani, av\u00e2nd \u00een posesie mai multe plicuri ce ar con\u0163ine substan\u0163e interzise de lege\u201d, informeaz\u0103 Poli\u0163ia Capitalei.<\/p>\n<p>Conform sursei citate, \u00een jurul orei 02:10, poli\u0163i\u015fti din cadrul Sec\u0163iei 26 Poli\u0163ie, afl\u00e2ndu-se \u00een exercitarea atribu\u0163iilor de serviciu, pe o strad\u0103 din Sectorul 4 al Capitalei, au oprit un autoturism care efectua transport public de persoane \u00een regim taxi.Pe bancheta din spate se afla un pasager, persoana b\u0103nuit\u0103, care avea un comportament agitat, motiv pentru care poli\u0163i\u015ftii au efectuat control corporal asupra b\u0103rbatului \u015fi au controlat \u015fi autoturismul\u00a0\u201d\u00cen urma controlului corporal nu au fost depistate obiecte de interes. \u00cens\u0103, \u00een urma efectu\u0103rii controlului autoturismului, pe mocheta acestuia, sub scaunul din dreapta fa\u0163\u0103, se afla un plic transparent de tip zip-lock, ce con\u0163inea un praf de culoare alb\u0103, \u015fi un alt plic transparent de tip zip-lock, ce con\u0163inea o materie vegetal\u0103 de culoare brun-verzuie\u201d, men\u0163ioneaz\u0103 poli\u0163i\u015ftii.\u00a0Ei subliniaz\u0103 c\u0103 b\u0103rbatul \u00een v\u00e2rst\u0103 de 28 de ani le-a declarat poli\u0163i\u015ftilor c\u0103 plicurile depistate \u00eei apar\u0163in.\u00a0\u00a0Plicule\u0163ele au fost ridicate \u015fi sigilate de c\u0103tre poli\u0163i\u015fti, cazul fiind preluat de c\u0103tre Brigada de Combatere a Criminalit\u0103\u0163ii Organizate Bucure\u015fti, \u00een vederea continu\u0103rii cercet\u0103rilor, sub aspectul s\u0103v\u00e2r\u015firii infrac\u0163iunii de de\u0163inere de droguri, conform Legii 143\/2000 privindprevenirea \u015fi combaterea traficului \u015fi consumului ilicit de droguri.<\/p>\n<p>Surse apropiate anchetei, citate de news.ro, au declaat c\u0103 b\u0103rbatul vizat este rapperul cunoscut sub numele de Jianu.<\/p>\n<p>\u00a0<\/p>","protected":false},"excerpt":{"rendered":"<p>\u201dLa data de 16 martie 2025, poli\u0163i\u015ftii Direc\u0163iei Generale de Poli\u0163ie a Municipiului Bucure\u015fti \u2013&hellip;<\/p>\n","protected":false},"author":0,"featured_media":40017,"comment_status":"open","ping_status":"open","sticky":false,"template":"","format":"standard","meta":{"footnotes":""},"categories":[8],"tags":[],"class_list":["post-40016","post","type-post","status-publish","format-standard","has-post-thumbnail","hentry","category-lifestyle"],"_links":{"self":[{"href":"https:\/\/247stiri.ro\/index.php\/wp-json\/wp\/v2\/posts\/40016","targetHints":{"allow":["GET"]}}],"collection":[{"href":"https:\/\/247stiri.ro\/index.php\/wp-json\/wp\/v2\/posts"}],"about":[{"href":"https:\/\/247stiri.ro\/index.php\/wp-json\/wp\/v2\/types\/post"}],"replies":[{"embeddable":true,"href":"https:\/\/247stiri.ro\/index.php\/wp-json\/wp\/v2\/comments?post=40016"}],"version-history":[{"count":0,"href":"https:\/\/247stiri.ro\/index.php\/wp-json\/wp\/v2\/posts\/40016\/revisions"}],"wp:featuredmedia":[{"embeddable":true,"href":"https:\/\/247stiri.ro\/index.php\/wp-json\/wp\/v2\/media\/40017"}],"wp:attachment":[{"href":"https:\/\/247stiri.ro\/index.php\/wp-json\/wp\/v2\/media?parent=40016"}],"wp:term":[{"taxonomy":"category","embeddable":true,"href":"https:\/\/247stiri.ro\/index.php\/wp-json\/wp\/v2\/categories?post=40016"},{"taxonomy":"post_tag","embeddable":true,"href":"https:\/\/247stiri.ro\/index.php\/wp-json\/wp\/v2\/tags?post=40016"}],"curies":[{"name":"wp","href":"https:\/\/api.w.org\/{rel}","templated":true}]}}