{"id":40028,"date":"2025-03-17T07:45:20","date_gmt":"2025-03-17T07:45:20","guid":{"rendered":"https:\/\/247stiri.ro\/index.php\/2025\/03\/17\/politicienii-care-au-demisionat-dupa-tragedia-de-la-colectiv-vor-din-nou-la-putere-premierul-dat-jos-de-popor-vrea-sa-fie-presedintele-romaniei\/"},"modified":"2025-03-17T07:45:20","modified_gmt":"2025-03-17T07:45:20","slug":"politicienii-care-au-demisionat-dupa-tragedia-de-la-colectiv-vor-din-nou-la-putere-premierul-dat-jos-de-popor-vrea-sa-fie-presedintele-romaniei","status":"publish","type":"post","link":"https:\/\/247stiri.ro\/index.php\/2025\/03\/17\/politicienii-care-au-demisionat-dupa-tragedia-de-la-colectiv-vor-din-nou-la-putere-premierul-dat-jos-de-popor-vrea-sa-fie-presedintele-romaniei\/","title":{"rendered":"Politicienii care au demisionat dup\u0103 tragedia de la Colectiv vor din nou la putere: premierul dat jos de popor vrea s\u0103 fie pre\u0219edintele Rom\u00e2niei"},"content":{"rendered":"<p>Liderii politici care au r\u0103spuns cu func\u021biile \u00een urma tragediei majore de la clubul Colectiv vor acum din nou la putere.<\/p>\n<p>Victor Ponta, premier la acea vreme care a permis ca acele orori s\u0103 se \u00eent\u00e2mple f\u0103r\u0103 s\u0103 fac\u0103 verific\u0103ri, dore\u0219te acum s\u0103 ajung\u0103 pre\u0219edintele Rom\u00e2niei, iar Cristian Popescu Piedone care conducea sectorul 4 \u0219i a l\u0103sat clubul s\u0103 func\u021bioneze vrea s\u0103 str\u00e2ng\u0103 rom\u00e2nii de partea lui \u00een timp ce pozeaz\u0103 \u00een justi\u021biarul controalelor. De c\u00e2nd a ajuns la \u0219efia ANPC, Piedone descinde peste tot \u00een timp ce se las\u0103 filmat de echipa sa.<\/p>\n<p>&#8222;Sanctiunea maxima pentru etichetare falsa. Banda, sigiliu, inchis.\u00a0<\/p>\n<p>Gandaci? Vii si morti. Sa le aprindeti lumanare si la Vii, si la Morti&#8221;, afirma Piedone in timpul controalelor.\u00a0<\/p>\n<p>\u00cen anul 2015 c\u00e2nd a avut loc tragedia din Colectiv, similar\u0103 cu cea de acum din Macedonia de Nord, zeci de mii de oameni au ie\u0219it \u00een strad\u0103 pentru a cere demisia Guvernului, pe atunci condus de Victor Ponta.&#8221;Incepand de astazi imi depun mandatul de prim-ministru, implicit si al Guvernului Romaniei. Pana la momentul formarii unui nou guvern, in urma discutiilor intre presedinte si partidele parlamentare, bineinteles ne indeplinim atributiile&#8221;, afirma Ponta in noiembrie 2015.\u00a0&#8222;Tarziu, foarte tarziu guvernul a demisionat. A a fost nevoie sa moara oameni ca aceasta demisie sa se produca&#8221;, declarat Klaus Iohannis.\u00a0\u0218i Ministrul S\u0103n\u0103t\u0103\u021bii la acea vreme, Nicolae B\u0103nicioiu s-a contrazis \u00een declara\u021bii dup\u0103 ce la \u00eenceput a spus c\u0103 spitalele au toate dot\u0103rile necesare. Abia dup\u0103 ce tinerii au murit din cauza infec\u021biilor, ministrul de atunci nu a mai vrut s\u0103 recunoasc\u0103 cele declarate.&#8221;Au toate medicamntele, au tot ce le trebuie. In toate spitalele de la inceput a exista tot ceeea ce avem nevoie. Ce se face in Germania facem si aici pentru toti. Nu avem nevoie de nimic in acest moment. Medicii nostri pot gestiona situatia&#8221;, afirmat Nicolae Banicioiu in octormbrie 2015.<\/p>\n<p>Nicoale Banicioiu: Am raspuns la toat intrebarile, am facut tot ce era omeneste posibil.<\/p>\n<p>Reporter: de ce ati reufuzat ajutorul ati spus ca nu e nevoie.<\/p>\n<p>Nicolae Banicioiu: nu am spus asta<\/p>\n<p>Reporter: avem declaratiile 0,20Ulterior, Cristian Popescu Piedone care conducea sectorul 4 la acea vreme a demisionat \u0219i el din func\u021bie dup\u0103 ce imediat dup\u0103 tragedie declarase c\u0103 totul este \u00een regul\u0103 \u0219i c\u0103 localul avea autoriza\u021bie de func\u021bionare. Piedone a fost achitat dup\u0103 ce a stat un an \u00een \u00eenchisoare dup\u0103 care a fost repus \u00een func\u021bia de primar al Sectorului 5. Acesta fusese condamnat \u00een mai 2022 la 4 ani de \u00eenchisoare.<\/p>","protected":false},"excerpt":{"rendered":"<p>Liderii politici care au r\u0103spuns cu func\u021biile \u00een urma tragediei majore de la clubul Colectiv&hellip;<\/p>\n","protected":false},"author":0,"featured_media":40029,"comment_status":"open","ping_status":"open","sticky":false,"template":"","format":"standard","meta":{"footnotes":""},"categories":[3],"tags":[],"class_list":["post-40028","post","type-post","status-publish","format-standard","has-post-thumbnail","hentry","category-politica"],"_links":{"self":[{"href":"https:\/\/247stiri.ro\/index.php\/wp-json\/wp\/v2\/posts\/40028","targetHints":{"allow":["GET"]}}],"collection":[{"href":"https:\/\/247stiri.ro\/index.php\/wp-json\/wp\/v2\/posts"}],"about":[{"href":"https:\/\/247stiri.ro\/index.php\/wp-json\/wp\/v2\/types\/post"}],"replies":[{"embeddable":true,"href":"https:\/\/247stiri.ro\/index.php\/wp-json\/wp\/v2\/comments?post=40028"}],"version-history":[{"count":0,"href":"https:\/\/247stiri.ro\/index.php\/wp-json\/wp\/v2\/posts\/40028\/revisions"}],"wp:featuredmedia":[{"embeddable":true,"href":"https:\/\/247stiri.ro\/index.php\/wp-json\/wp\/v2\/media\/40029"}],"wp:attachment":[{"href":"https:\/\/247stiri.ro\/index.php\/wp-json\/wp\/v2\/media?parent=40028"}],"wp:term":[{"taxonomy":"category","embeddable":true,"href":"https:\/\/247stiri.ro\/index.php\/wp-json\/wp\/v2\/categories?post=40028"},{"taxonomy":"post_tag","embeddable":true,"href":"https:\/\/247stiri.ro\/index.php\/wp-json\/wp\/v2\/tags?post=40028"}],"curies":[{"name":"wp","href":"https:\/\/api.w.org\/{rel}","templated":true}]}}