{"id":40046,"date":"2025-03-17T08:44:57","date_gmt":"2025-03-17T08:44:57","guid":{"rendered":"https:\/\/247stiri.ro\/index.php\/2025\/03\/17\/sebastian-olariu-una-dintre-victimele-accidentului-de-la-2-mai-ar-fi-implinit-23-de-ani-familia-si-prietenii-i-au-adus-un-omagiu-emotionant\/"},"modified":"2025-03-17T08:44:57","modified_gmt":"2025-03-17T08:44:57","slug":"sebastian-olariu-una-dintre-victimele-accidentului-de-la-2-mai-ar-fi-implinit-23-de-ani-familia-si-prietenii-i-au-adus-un-omagiu-emotionant","status":"publish","type":"post","link":"https:\/\/247stiri.ro\/index.php\/2025\/03\/17\/sebastian-olariu-una-dintre-victimele-accidentului-de-la-2-mai-ar-fi-implinit-23-de-ani-familia-si-prietenii-i-au-adus-un-omagiu-emotionant\/","title":{"rendered":"Sebastian Olariu, una dintre victimele accidentului de la 2 Mai, ar fi \u00eemplinit 23 de ani. Familia \u0219i prietenii i-au adus un omagiu emo\u021bionant"},"content":{"rendered":"<p>Un gest emo\u021bionant la morm\u00e2ntul lui Sebastian Olariu<\/p>\n<p>La \u00eemplinirea a 23 de ani, familia lui Sebi a organizat un moment de reculegere la locul s\u0103u de veci. Tat\u0103l t\u00e2n\u0103rului, Valentin Olariu, a transmis un mesaj plin de durere, \u00een care \u0219i-a exprimat dorul nesf\u00e2r\u0219it pentru fiul s\u0103u.<\/p>\n<p>\u201e23&#8230; Asta era v\u00e2rsta pe care o \u00eemplineai ast\u0103zi&#8230; \u00cen loc s\u0103 o s\u0103rb\u0103torim acas\u0103, azi venim la tine \u00een acest loc care este acum a doua noastr\u0103 cas\u0103. Azi, to\u021bi prietenii t\u0103i vor veni la tine s\u0103-\u021bi aduc\u0103 un omagiu\u2026 Te iubim, Sebi!\u201d, a scris acesta.<\/p>\n<p>\u00cen semn de respect \u0219i iubire, la morm\u00e2ntul lui Sebastian au fost aduse flori albe \u0219i baloane, simboluri ale inocen\u021bei \u0219i amintirii ve\u0219nice.<\/p>\n\n<p>\u00a0 \u00a0 \u00a0 \u00a0 \u00a0 \u00a0 \u00a0 \u00a0 \u00a0 \u00a0 \u00a0 \u00a0 \u00a0 \u00a0 \u00a0 \u00a0 \u00a0 \u00a0 \u00a0 \u00a0 \u00a0 \u00a0Imagini de la morm\u00e2ntul lui Sebi Olariu \/ Sursa foto &#8211; Facebook<\/p>\n<p>Impactul tragediei din 2 Mai<\/p>\n<p>Sebastian Olariu \u0219i Roberta Acalinei, doi tineri cu un viitor promi\u021b\u0103tor, \u0219i-au pierdut via\u021ba \u00een luna august 2023, dup\u0103 ce Vlad Pascu, aflat la volan sub influen\u021ba drogurilor, a provocat un accident devastator. <a href=\"https:\/\/www.realitatea.net\/stiri\/justitie\/decizie-definitiva-in-cazul-judecatoarei-ancuta-popoviciu-care-se-ocupa-de-dosarul-2-mai-al-inculpatului-vlad-pasu_67ab6433e8a8a709cb1ccdb2\" target=\"_blank\">Moartea lor a st\u00e2rnit indignare<\/a> \u0219i a readus \u00een aten\u021bia publicului problema siguran\u021bei rutiere \u0219i a consumului de substan\u021be interzise la volan.<\/p>\n<p>\u00cen luna mai a anului trecut, Valentin Olariu a avut ocazia s\u0103-l vad\u0103 \u00een sala de judecat\u0103 pe Vlad Pascu, t\u00e2n\u0103rul responsabil pentru moartea fiului s\u0103u. Cu o voce \u00eenc\u0103rcat\u0103 de emo\u021bie, tat\u0103l lui Sebi a povestit despre acel moment tensionat.<\/p>\n<p>\u201eCrede\u021bi-m\u0103 c\u0103 am vrut s\u0103-i prind privirea, s\u0103 m\u0103 uit ochi \u00een ochi, dar el a stat numai cu capul \u00een jos. Chiar mi-a venit s\u0103 pl\u00e2ng, am avut o emo\u021bie \u00een corp, mi-au trecut tot felul de g\u00e2nduri prin minte. Cum l-am v\u0103zut? Acela\u0219i Vlad Pascu, dar un pic mai speriat. Nu cred c\u0103 se poate schimba un asemenea om. Sper ca justi\u021bia s\u0103 \u00ee\u0219i fac\u0103 treaba \u0219i s\u0103 primeasc\u0103 pedeapsa pe care o merit\u0103\u201d, a declarat Valentin Olariu.<\/p>\n<p><a href=\"https:\/\/www.realitatea.net\/stiri\/actual\/dosarul-soferului-drogat-vlad-pascu-cand-vor-solutiona-magistratii-cererea-acestuia_67b493366dbbe678de66af42\" target=\"_blank\">P\u0103rin\u021bii celor doi tineri<\/a> continu\u0103 s\u0103 lupte pentru ca cei responsabili s\u0103 fie tra\u0219i la r\u0103spundere \u0219i sper\u0103 c\u0103 justi\u021bia va lua o decizie corect\u0103 \u00een acest caz.\u00a0<\/p>","protected":false},"excerpt":{"rendered":"<p>Un gest emo\u021bionant la morm\u00e2ntul lui Sebastian Olariu La \u00eemplinirea a 23 de ani, familia&hellip;<\/p>\n","protected":false},"author":0,"featured_media":40047,"comment_status":"open","ping_status":"open","sticky":false,"template":"","format":"standard","meta":{"footnotes":""},"categories":[2],"tags":[],"class_list":["post-40046","post","type-post","status-publish","format-standard","has-post-thumbnail","hentry","category-actual"],"_links":{"self":[{"href":"https:\/\/247stiri.ro\/index.php\/wp-json\/wp\/v2\/posts\/40046","targetHints":{"allow":["GET"]}}],"collection":[{"href":"https:\/\/247stiri.ro\/index.php\/wp-json\/wp\/v2\/posts"}],"about":[{"href":"https:\/\/247stiri.ro\/index.php\/wp-json\/wp\/v2\/types\/post"}],"replies":[{"embeddable":true,"href":"https:\/\/247stiri.ro\/index.php\/wp-json\/wp\/v2\/comments?post=40046"}],"version-history":[{"count":0,"href":"https:\/\/247stiri.ro\/index.php\/wp-json\/wp\/v2\/posts\/40046\/revisions"}],"wp:featuredmedia":[{"embeddable":true,"href":"https:\/\/247stiri.ro\/index.php\/wp-json\/wp\/v2\/media\/40047"}],"wp:attachment":[{"href":"https:\/\/247stiri.ro\/index.php\/wp-json\/wp\/v2\/media?parent=40046"}],"wp:term":[{"taxonomy":"category","embeddable":true,"href":"https:\/\/247stiri.ro\/index.php\/wp-json\/wp\/v2\/categories?post=40046"},{"taxonomy":"post_tag","embeddable":true,"href":"https:\/\/247stiri.ro\/index.php\/wp-json\/wp\/v2\/tags?post=40046"}],"curies":[{"name":"wp","href":"https:\/\/api.w.org\/{rel}","templated":true}]}}