{"id":40052,"date":"2025-03-17T08:44:59","date_gmt":"2025-03-17T08:44:59","guid":{"rendered":"https:\/\/247stiri.ro\/index.php\/2025\/03\/17\/tragedie-in-dambovita-un-barbat-a-murit-dupa-ce-s-a-rasturnat-cu-masina\/"},"modified":"2025-03-17T08:44:59","modified_gmt":"2025-03-17T08:44:59","slug":"tragedie-in-dambovita-un-barbat-a-murit-dupa-ce-s-a-rasturnat-cu-masina","status":"publish","type":"post","link":"https:\/\/247stiri.ro\/index.php\/2025\/03\/17\/tragedie-in-dambovita-un-barbat-a-murit-dupa-ce-s-a-rasturnat-cu-masina\/","title":{"rendered":"Tragedie \u00een D\u00e2mbovi\u021ba: un b\u0103rbat a MURIT dup\u0103 ce s-a r\u0103sturnat cu ma\u0219ina"},"content":{"rendered":"<p>Ce au transmis oamenii legii<\/p>\n<p><a href=\"https:\/\/www.realitatea.net\/stiri\/actual\/noi-victime-prin-metoda-accidentul-doi-barbati-din-constanta-au-fost-arestati_67d7d3c13b7d2706244f6f92\" target=\"_blank\">Potrivit informa\u021biilor furnizate<\/a> de ISU D\u00e2mbovi\u021ba, \u0219ase persoane au fost evaluate medical la locul accidentului. Printre acestea, un b\u0103rbat a r\u0103mas \u00eencarcerat \u00een vehiculul avariat. Pompierii au intervenit rapid pentru a-l extrage \u0219i l-au predat echipajelor medicale.<\/p>\n<p>Din p\u0103cate, \u00een ciuda eforturilor depuse de salvatori, victima nu a putut fi resuscitat\u0103 \u0219i a fost declarat\u0103 decedat\u0103. Alte trei persoane, dou\u0103 femei \u0219i un b\u0103rbat, au suferit r\u0103ni \u0219i au fost transportate la spital pentru \u00eengrijiri medicale.<\/p>\n<p>Autorit\u0103\u021bile au asigurat m\u0103surile necesare pentru prevenirea unor eventuale incendii, \u00een timp ce poli\u021bi\u0219tii continu\u0103 cercet\u0103rile pentru a stabili <a href=\"https:\/\/www.realitatea.net\/stiri\/actual\/accident-mortal-la-giurgiu-un-tanar-de-19-ani-sia-pierdut-viata-iar-alti-doi-au-fost-raniti-dupa-ce-masina-in-care-se-aflau-sa-rasturnat_67d67f697da4a9535f193cbd\" target=\"_blank\">circumstan\u021bele exacte ale producerii accidentului.<\/a><\/p>","protected":false},"excerpt":{"rendered":"<p>Ce au transmis oamenii legii Potrivit informa\u021biilor furnizate de ISU D\u00e2mbovi\u021ba, \u0219ase persoane au fost&hellip;<\/p>\n","protected":false},"author":0,"featured_media":40053,"comment_status":"open","ping_status":"open","sticky":false,"template":"","format":"standard","meta":{"footnotes":""},"categories":[2],"tags":[],"class_list":["post-40052","post","type-post","status-publish","format-standard","has-post-thumbnail","hentry","category-actual"],"_links":{"self":[{"href":"https:\/\/247stiri.ro\/index.php\/wp-json\/wp\/v2\/posts\/40052","targetHints":{"allow":["GET"]}}],"collection":[{"href":"https:\/\/247stiri.ro\/index.php\/wp-json\/wp\/v2\/posts"}],"about":[{"href":"https:\/\/247stiri.ro\/index.php\/wp-json\/wp\/v2\/types\/post"}],"replies":[{"embeddable":true,"href":"https:\/\/247stiri.ro\/index.php\/wp-json\/wp\/v2\/comments?post=40052"}],"version-history":[{"count":0,"href":"https:\/\/247stiri.ro\/index.php\/wp-json\/wp\/v2\/posts\/40052\/revisions"}],"wp:featuredmedia":[{"embeddable":true,"href":"https:\/\/247stiri.ro\/index.php\/wp-json\/wp\/v2\/media\/40053"}],"wp:attachment":[{"href":"https:\/\/247stiri.ro\/index.php\/wp-json\/wp\/v2\/media?parent=40052"}],"wp:term":[{"taxonomy":"category","embeddable":true,"href":"https:\/\/247stiri.ro\/index.php\/wp-json\/wp\/v2\/categories?post=40052"},{"taxonomy":"post_tag","embeddable":true,"href":"https:\/\/247stiri.ro\/index.php\/wp-json\/wp\/v2\/tags?post=40052"}],"curies":[{"name":"wp","href":"https:\/\/api.w.org\/{rel}","templated":true}]}}