{"id":40054,"date":"2025-03-17T08:45:00","date_gmt":"2025-03-17T08:45:00","guid":{"rendered":"https:\/\/247stiri.ro\/index.php\/2025\/03\/17\/noi-victime-prin-metoda-accidentul-doi-barbati-din-constanta-au-fost-arestati\/"},"modified":"2025-03-17T08:45:00","modified_gmt":"2025-03-17T08:45:00","slug":"noi-victime-prin-metoda-accidentul-doi-barbati-din-constanta-au-fost-arestati","status":"publish","type":"post","link":"https:\/\/247stiri.ro\/index.php\/2025\/03\/17\/noi-victime-prin-metoda-accidentul-doi-barbati-din-constanta-au-fost-arestati\/","title":{"rendered":"Noi victime prin metoda &#8222;Accidentul&#8221;. Doi b\u0103rba\u021bi din Constan\u021ba au fost aresta\u021bi"},"content":{"rendered":"<p>Cei doi, cu v\u00e2rste de 20 de ani, respectiv 37 de ani, au fost identifica\u021bi, vineri, \u00een timp ce se plimbau cu ma\u0219ina pe una dintre str\u0103zile principale din ora\u0219ul Tulcea, iar \u00een urma perchezi\u021bion\u0103rii autoturismului s-au g\u0103sit mai multe sume de bani care ar fi provenit din s\u0103v\u00e2r\u0219irea unei infrac\u021biuni de \u00een\u0219el\u0103ciune, s\u0103v\u00e2r\u0219ite \u00een cursul aceleia\u0219i zile.<\/p>\n<p>&#8222;Autoturismul a fost indisponibilizat \u00een vederea prob\u0103rii activit\u0103\u021bii infrac\u021bionale. De asemenea, la data de 14 martie, cei doi b\u0103rba\u021bi au fost re\u021binu\u021bi pentru 24 de ore, iar \u00een cursul zilei de s\u00e2mb\u0103t\u0103, ace\u0219tia au fost prezenta\u021bi instan\u021bei de judecat\u0103 ce a dispus arestarea acestora pentru 30 de zile&#8221;, au transmis, luni, reprezentan\u021bii IPJ Tulcea \u00eentr-un comunicat.<\/p>\n<p>Potrivit sursei citate, activitatea \u00een urma c\u0103reia au fost identifica\u021bi cei doi const\u0103n\u021beni s-a derulat de lucr\u0103torii Poli\u021biei Municipiului Tulcea, sub coordonarea Parchetului de pe l\u00e2ng\u0103 Judec\u0103toria Tulcea, cu sprijinul Serviciului pentru Ac\u021biuni Speciale \u0219i al Serviciului Criminalistic.<\/p>","protected":false},"excerpt":{"rendered":"<p>Cei doi, cu v\u00e2rste de 20 de ani, respectiv 37 de ani, au fost identifica\u021bi,&hellip;<\/p>\n","protected":false},"author":0,"featured_media":40055,"comment_status":"open","ping_status":"open","sticky":false,"template":"","format":"standard","meta":{"footnotes":""},"categories":[2],"tags":[],"class_list":["post-40054","post","type-post","status-publish","format-standard","has-post-thumbnail","hentry","category-actual"],"_links":{"self":[{"href":"https:\/\/247stiri.ro\/index.php\/wp-json\/wp\/v2\/posts\/40054","targetHints":{"allow":["GET"]}}],"collection":[{"href":"https:\/\/247stiri.ro\/index.php\/wp-json\/wp\/v2\/posts"}],"about":[{"href":"https:\/\/247stiri.ro\/index.php\/wp-json\/wp\/v2\/types\/post"}],"replies":[{"embeddable":true,"href":"https:\/\/247stiri.ro\/index.php\/wp-json\/wp\/v2\/comments?post=40054"}],"version-history":[{"count":0,"href":"https:\/\/247stiri.ro\/index.php\/wp-json\/wp\/v2\/posts\/40054\/revisions"}],"wp:featuredmedia":[{"embeddable":true,"href":"https:\/\/247stiri.ro\/index.php\/wp-json\/wp\/v2\/media\/40055"}],"wp:attachment":[{"href":"https:\/\/247stiri.ro\/index.php\/wp-json\/wp\/v2\/media?parent=40054"}],"wp:term":[{"taxonomy":"category","embeddable":true,"href":"https:\/\/247stiri.ro\/index.php\/wp-json\/wp\/v2\/categories?post=40054"},{"taxonomy":"post_tag","embeddable":true,"href":"https:\/\/247stiri.ro\/index.php\/wp-json\/wp\/v2\/tags?post=40054"}],"curies":[{"name":"wp","href":"https:\/\/api.w.org\/{rel}","templated":true}]}}