{"id":40074,"date":"2025-03-17T09:45:42","date_gmt":"2025-03-17T09:45:42","guid":{"rendered":"https:\/\/247stiri.ro\/index.php\/2025\/03\/17\/romania-transporta-patru-raniti-grav-in-incendiul-de-la-clubul-din-macedonia-de-nord-sunt-intubati-si-ventilati-mecanic\/"},"modified":"2025-03-17T09:45:42","modified_gmt":"2025-03-17T09:45:42","slug":"romania-transporta-patru-raniti-grav-in-incendiul-de-la-clubul-din-macedonia-de-nord-sunt-intubati-si-ventilati-mecanic","status":"publish","type":"post","link":"https:\/\/247stiri.ro\/index.php\/2025\/03\/17\/romania-transporta-patru-raniti-grav-in-incendiul-de-la-clubul-din-macedonia-de-nord-sunt-intubati-si-ventilati-mecanic\/","title":{"rendered":"Rom\u00e2nia transport\u0103 patru r\u0103ni\u0163i grav \u00een INCENDIUL de la clubul din Macedonia de Nord. Sunt intuba\u0163i \u015fi ventila\u0163i mecanic"},"content":{"rendered":"<p>\u201dMacedonia de Nord a solicitat sprijinul UE prin Mecanismul de protec\u0163ie european\u0103. Mai multe \u0163\u0103ri au oferit locuri, f\u0103r\u0103 capacit\u0103\u0163i de transport. La aceast\u0103 or\u0103 se desf\u0103\u015foar\u0103 misiunea noastr\u0103, care deja a plecat din Skopje c\u0103tre Lituania transport\u00e2nd patru tineri intuba\u0163i, ventila\u0163i, \u00een stare grav\u0103\u201d, a declarat, luni, la un post TV, Raed Arafat, citat de News.ro.<\/p>\n<p>Potrivit acestuia, misiunea Rom\u00e2niei \u0163ine cont de resursele pe care le avm.<\/p>\n<p>\u201dPutem face transport de pacien\u0163i multipli. Noi acum ducem 4 cu un avion militar \u015fi cu o echip\u0103 de la SMURD Bucure\u015fti la bordul avionului\u201d, a precizat Arafat.<\/p>\n<p>Acesta a explicat c\u0103 aeronava va ajunge la Vilnius \u00een jurul pr\u00e2nzului.<\/p>\n<p>\u00centrebat dac\u0103 Rom\u00e2nia ar avea locurim pentru a trata eventuali pacien\u0163i cu arsuri din Macedonia de Nord, Arafat a replicat: \u201dLa acest moment, ca \u015fi multe alt\u0103 \u0163\u0103ri, locurile noastre sunt limitate, foarte limitate\u201d.<\/p>\n<p>Incendiul masiv a distrus clubul de noapte supraaglomerat din ora\u015ful Kocani, \u00een noaptea de s\u00e2mb\u0103t\u0103 spre duminic\u0103, a dus la moartea a 59 de oameni \u015fi r\u0103nirea a 155, fie din cauza arsurilor, a inhal\u0103rii de fum \u015fi a faptului c\u0103 au fost c\u0103lca\u0163i \u00een picioare \u00een fuga spre singura ie\u015fire a cl\u0103dirii.<\/p>\n<p>Prin modul \u00een care s-a produs \u0219i bilan\u021bul dramatic, tragedia din Macedonia seamn\u0103 izbitor cu incendiul din clubul bucure\u0219tean Colectiv, din urm\u0103 cu un deceniu.\u00a0<\/p>","protected":false},"excerpt":{"rendered":"<p>\u201dMacedonia de Nord a solicitat sprijinul UE prin Mecanismul de protec\u0163ie european\u0103. Mai multe \u0163\u0103ri&hellip;<\/p>\n","protected":false},"author":0,"featured_media":40075,"comment_status":"open","ping_status":"open","sticky":false,"template":"","format":"standard","meta":{"footnotes":""},"categories":[2],"tags":[],"class_list":["post-40074","post","type-post","status-publish","format-standard","has-post-thumbnail","hentry","category-actual"],"_links":{"self":[{"href":"https:\/\/247stiri.ro\/index.php\/wp-json\/wp\/v2\/posts\/40074","targetHints":{"allow":["GET"]}}],"collection":[{"href":"https:\/\/247stiri.ro\/index.php\/wp-json\/wp\/v2\/posts"}],"about":[{"href":"https:\/\/247stiri.ro\/index.php\/wp-json\/wp\/v2\/types\/post"}],"replies":[{"embeddable":true,"href":"https:\/\/247stiri.ro\/index.php\/wp-json\/wp\/v2\/comments?post=40074"}],"version-history":[{"count":0,"href":"https:\/\/247stiri.ro\/index.php\/wp-json\/wp\/v2\/posts\/40074\/revisions"}],"wp:featuredmedia":[{"embeddable":true,"href":"https:\/\/247stiri.ro\/index.php\/wp-json\/wp\/v2\/media\/40075"}],"wp:attachment":[{"href":"https:\/\/247stiri.ro\/index.php\/wp-json\/wp\/v2\/media?parent=40074"}],"wp:term":[{"taxonomy":"category","embeddable":true,"href":"https:\/\/247stiri.ro\/index.php\/wp-json\/wp\/v2\/categories?post=40074"},{"taxonomy":"post_tag","embeddable":true,"href":"https:\/\/247stiri.ro\/index.php\/wp-json\/wp\/v2\/tags?post=40074"}],"curies":[{"name":"wp","href":"https:\/\/api.w.org\/{rel}","templated":true}]}}