{"id":40076,"date":"2025-03-17T09:45:43","date_gmt":"2025-03-17T09:45:43","guid":{"rendered":"https:\/\/247stiri.ro\/index.php\/2025\/03\/17\/tragedie-rutiera-in-alba-un-tanar-de-25-de-ani-a-murit-dupa-ce-a-intrat-cu-masina-intr-un-parapet\/"},"modified":"2025-03-17T09:45:43","modified_gmt":"2025-03-17T09:45:43","slug":"tragedie-rutiera-in-alba-un-tanar-de-25-de-ani-a-murit-dupa-ce-a-intrat-cu-masina-intr-un-parapet","status":"publish","type":"post","link":"https:\/\/247stiri.ro\/index.php\/2025\/03\/17\/tragedie-rutiera-in-alba-un-tanar-de-25-de-ani-a-murit-dupa-ce-a-intrat-cu-masina-intr-un-parapet\/","title":{"rendered":"Tragedie rutier\u0103 \u00een Alba: un t\u00e2n\u0103r de 25 de ani a MURIT dup\u0103 ce a intrat cu ma\u0219ina \u00eentr-un parapet"},"content":{"rendered":"<p>Ce au anun\u021bat oamenii legii<\/p>\n<p><a href=\"https:\/\/www.realitatea.net\/stiri\/actual\/tragedie-in-dambovita-un-barbat-a-murit-dupa-ce-sa-rasturnat-cu-masina_67d7d48c844b5b0e652dda28\" target=\"_blank\">Potrivit informa\u021biilor furnizate<\/a> de Inspectoratul de Poli\u021bie Jude\u021bean (IPJ) Alba, \u0219oferul nu ar fi adaptat viteza la condi\u021biile de drum, iar carosabilul umed a contribuit la producerea accidentului. Impactul a fost deosebit de puternic, iar autoutilitara s-a r\u0103sturnat, arunc\u00e2ndu-l pe conduc\u0103torul auto pe carosabil.<\/p>\n<p>\u201eDin p\u0103cate, \u00een urma leziunilor grave suferite, t\u00e2n\u0103rul a fost declarat decedat la fa\u021ba locului. Poli\u021bi\u0219tii continu\u0103 cercet\u0103rile pentru a stabili cu exactitate \u00eemprejur\u0103rile accidentului&#8221;, au transmis reprezentan\u021bii IPJ Alba.<\/p>\n<p><a href=\"https:\/\/www.realitatea.net\/stiri\/actual\/accident-mortal-la-giurgiu-un-tanar-de-19-ani-sia-pierdut-viata-iar-alti-doi-au-fost-raniti-dupa-ce-masina-in-care-se-aflau-sa-rasturnat_67d67f697da4a9535f193cbd\" target=\"_blank\">Traficul \u00een zon\u0103<\/a> a fost restric\u021bionat temporar, circula\u021bia desf\u0103\u0219ur\u00e2ndu-se alternativ p\u00e2n\u0103 la finalizarea investiga\u021biilor.<\/p>","protected":false},"excerpt":{"rendered":"<p>Ce au anun\u021bat oamenii legii Potrivit informa\u021biilor furnizate de Inspectoratul de Poli\u021bie Jude\u021bean (IPJ) Alba,&hellip;<\/p>\n","protected":false},"author":0,"featured_media":40077,"comment_status":"open","ping_status":"open","sticky":false,"template":"","format":"standard","meta":{"footnotes":""},"categories":[2],"tags":[],"class_list":["post-40076","post","type-post","status-publish","format-standard","has-post-thumbnail","hentry","category-actual"],"_links":{"self":[{"href":"https:\/\/247stiri.ro\/index.php\/wp-json\/wp\/v2\/posts\/40076","targetHints":{"allow":["GET"]}}],"collection":[{"href":"https:\/\/247stiri.ro\/index.php\/wp-json\/wp\/v2\/posts"}],"about":[{"href":"https:\/\/247stiri.ro\/index.php\/wp-json\/wp\/v2\/types\/post"}],"replies":[{"embeddable":true,"href":"https:\/\/247stiri.ro\/index.php\/wp-json\/wp\/v2\/comments?post=40076"}],"version-history":[{"count":0,"href":"https:\/\/247stiri.ro\/index.php\/wp-json\/wp\/v2\/posts\/40076\/revisions"}],"wp:featuredmedia":[{"embeddable":true,"href":"https:\/\/247stiri.ro\/index.php\/wp-json\/wp\/v2\/media\/40077"}],"wp:attachment":[{"href":"https:\/\/247stiri.ro\/index.php\/wp-json\/wp\/v2\/media?parent=40076"}],"wp:term":[{"taxonomy":"category","embeddable":true,"href":"https:\/\/247stiri.ro\/index.php\/wp-json\/wp\/v2\/categories?post=40076"},{"taxonomy":"post_tag","embeddable":true,"href":"https:\/\/247stiri.ro\/index.php\/wp-json\/wp\/v2\/tags?post=40076"}],"curies":[{"name":"wp","href":"https:\/\/api.w.org\/{rel}","templated":true}]}}