{"id":40099,"date":"2025-03-17T11:45:07","date_gmt":"2025-03-17T11:45:07","guid":{"rendered":"https:\/\/247stiri.ro\/index.php\/2025\/03\/17\/cel-mai-cunoscut-caine-politist-din-romania-a-iesit-la-pensie-suier-a-devenit-politist-din-intamplare\/"},"modified":"2025-03-17T11:45:07","modified_gmt":"2025-03-17T11:45:07","slug":"cel-mai-cunoscut-caine-politist-din-romania-a-iesit-la-pensie-suier-a-devenit-politist-din-intamplare","status":"publish","type":"post","link":"https:\/\/247stiri.ro\/index.php\/2025\/03\/17\/cel-mai-cunoscut-caine-politist-din-romania-a-iesit-la-pensie-suier-a-devenit-politist-din-intamplare\/","title":{"rendered":"Cel mai cunoscut c\u00e2ine poli\u021bist din Rom\u00e2nia a ie\u0219it \u201dla pensie\u201d. \u0218uier a devenit poli\u021bist din \u00eent\u00e2mplare"},"content":{"rendered":"<p>&#8222;Ast\u0103zi, Suier este la pensie. \u0218i-a f\u0103cut din plin datoria fa\u021b\u0103 de noi, oamenii. \u00cen ultimii 7 ani a fost simbolul luptei antidrog.<\/p>\n<p>Dup\u0103 7 ani de activitate \u00een slujba Poli\u021biei Rom\u00e2ne, \u0218uier, unul dintre cei mai cunoscu\u021bi c\u00e2ini-poli\u021bi\u0219ti din \u021bar\u0103, s-a retras oficial din activitate. Acum \u00een v\u00e2rsta de 9 ani, a fost simbolul luptei antidrog \u0219i a devenit o adev\u0103rat\u0103 vedet\u0103 la festivalurile din Rom\u00e2nia, unde a fost admirat \u0219i fotografiat de mii de oameni.<\/p>\n<p>&#8222;Cu ochii lui parc\u0103 ne transmitea de fiecare dat\u0103 c\u0103 ei, c\u00e2inii, exist\u0103 ca s\u0103 ne apere. \u0218i nu vor nimic \u00een schimb, poate doar pu\u021bin\u0103 dragoste.\u00a0 \u0218uier, s\u0103 ai o pensie lung\u0103 \u0219i s\u0103 te bucuri s\u0103n\u0103tos de ea. (&#8230;) S\u0103 \u0219tii c\u0103 ai fost, e\u0219ti \u0219i vei fi iubit pentru totdeauna. Respect, Rare\u0219! \u0218tiu c\u0103 vei avea grij\u0103 de el ca de copilul t\u0103u. C\u00e2inele acesta chiar merit\u0103 toat\u0103 iubirea \u0219i aprecierea noastr\u0103!&#8221; a scris Eduard Ionescu.<\/p>\n\n<p>\u00a0<\/p>","protected":false},"excerpt":{"rendered":"<p>&#8222;Ast\u0103zi, Suier este la pensie. \u0218i-a f\u0103cut din plin datoria fa\u021b\u0103 de noi, oamenii. \u00cen&hellip;<\/p>\n","protected":false},"author":0,"featured_media":40100,"comment_status":"open","ping_status":"open","sticky":false,"template":"","format":"standard","meta":{"footnotes":""},"categories":[8],"tags":[],"class_list":["post-40099","post","type-post","status-publish","format-standard","has-post-thumbnail","hentry","category-lifestyle"],"_links":{"self":[{"href":"https:\/\/247stiri.ro\/index.php\/wp-json\/wp\/v2\/posts\/40099","targetHints":{"allow":["GET"]}}],"collection":[{"href":"https:\/\/247stiri.ro\/index.php\/wp-json\/wp\/v2\/posts"}],"about":[{"href":"https:\/\/247stiri.ro\/index.php\/wp-json\/wp\/v2\/types\/post"}],"replies":[{"embeddable":true,"href":"https:\/\/247stiri.ro\/index.php\/wp-json\/wp\/v2\/comments?post=40099"}],"version-history":[{"count":0,"href":"https:\/\/247stiri.ro\/index.php\/wp-json\/wp\/v2\/posts\/40099\/revisions"}],"wp:featuredmedia":[{"embeddable":true,"href":"https:\/\/247stiri.ro\/index.php\/wp-json\/wp\/v2\/media\/40100"}],"wp:attachment":[{"href":"https:\/\/247stiri.ro\/index.php\/wp-json\/wp\/v2\/media?parent=40099"}],"wp:term":[{"taxonomy":"category","embeddable":true,"href":"https:\/\/247stiri.ro\/index.php\/wp-json\/wp\/v2\/categories?post=40099"},{"taxonomy":"post_tag","embeddable":true,"href":"https:\/\/247stiri.ro\/index.php\/wp-json\/wp\/v2\/tags?post=40099"}],"curies":[{"name":"wp","href":"https:\/\/api.w.org\/{rel}","templated":true}]}}