{"id":40107,"date":"2025-03-17T11:45:10","date_gmt":"2025-03-17T11:45:10","guid":{"rendered":"https:\/\/247stiri.ro\/index.php\/2025\/03\/17\/remus-pricopie-plangere-penala-impotriva-lui-george-simion-tupeu-urias-unealta-sistemului-se-da-drept-salvator-al-democratiei\/"},"modified":"2025-03-17T11:45:10","modified_gmt":"2025-03-17T11:45:10","slug":"remus-pricopie-plangere-penala-impotriva-lui-george-simion-tupeu-urias-unealta-sistemului-se-da-drept-salvator-al-democratiei","status":"publish","type":"post","link":"https:\/\/247stiri.ro\/index.php\/2025\/03\/17\/remus-pricopie-plangere-penala-impotriva-lui-george-simion-tupeu-urias-unealta-sistemului-se-da-drept-salvator-al-democratiei\/","title":{"rendered":"Remus Pricopie, pl\u00e2ngere penal\u0103 \u00eempotriva lui George Simion! Tupeu uria\u0219: unealta sistemului se d\u0103 drept salvator al democra\u021biei"},"content":{"rendered":"<p>Remus Pricopie acuz\u0103 faptul c\u0103 George Simion ar fi comis fals \u00een \u00eenscrisuri \u0219i se bazeaz\u0103 \u00een momentul \u00een care lanseaz\u0103 aceste acuza\u021bii pe declara\u021bii publice.<\/p>\n<p>Rectorul SNSPA face trimitere la anumite declara\u021bii ale lui George Simion apropo de str\u00e2ngerea de semn\u0103turi &#8211; aici este cheia pe care o invoc\u0103 Remus Pricopie. Ba chiar aduce aminte de o declara\u021bie din 2024, atunci c\u00e2nd George Simion a spus c\u0103 nimeni nu poate str\u00e2nge semn\u0103turile legal, declara\u021bie pe care Pricopie o interpreteaz\u0103 c\u0103 fiind un autodenun\u021b.<\/p>\n<p>Ce face Remus Pricopie \u00een acest fel nu este altceva dec\u00e2t s\u0103 arunce o perdea de fum \u00een contextul \u00een care va ajunge subiect de discu\u021bie la CCR, \u0219tiind foarte bine c\u0103 nici m\u0103car nu a depus semn\u0103turi la dosarul s\u0103u de candidatur\u0103.<\/p>","protected":false},"excerpt":{"rendered":"<p>Remus Pricopie acuz\u0103 faptul c\u0103 George Simion ar fi comis fals \u00een \u00eenscrisuri \u0219i se&hellip;<\/p>\n","protected":false},"author":0,"featured_media":40108,"comment_status":"open","ping_status":"open","sticky":false,"template":"","format":"standard","meta":{"footnotes":""},"categories":[3],"tags":[],"class_list":["post-40107","post","type-post","status-publish","format-standard","has-post-thumbnail","hentry","category-politica"],"_links":{"self":[{"href":"https:\/\/247stiri.ro\/index.php\/wp-json\/wp\/v2\/posts\/40107","targetHints":{"allow":["GET"]}}],"collection":[{"href":"https:\/\/247stiri.ro\/index.php\/wp-json\/wp\/v2\/posts"}],"about":[{"href":"https:\/\/247stiri.ro\/index.php\/wp-json\/wp\/v2\/types\/post"}],"replies":[{"embeddable":true,"href":"https:\/\/247stiri.ro\/index.php\/wp-json\/wp\/v2\/comments?post=40107"}],"version-history":[{"count":0,"href":"https:\/\/247stiri.ro\/index.php\/wp-json\/wp\/v2\/posts\/40107\/revisions"}],"wp:featuredmedia":[{"embeddable":true,"href":"https:\/\/247stiri.ro\/index.php\/wp-json\/wp\/v2\/media\/40108"}],"wp:attachment":[{"href":"https:\/\/247stiri.ro\/index.php\/wp-json\/wp\/v2\/media?parent=40107"}],"wp:term":[{"taxonomy":"category","embeddable":true,"href":"https:\/\/247stiri.ro\/index.php\/wp-json\/wp\/v2\/categories?post=40107"},{"taxonomy":"post_tag","embeddable":true,"href":"https:\/\/247stiri.ro\/index.php\/wp-json\/wp\/v2\/tags?post=40107"}],"curies":[{"name":"wp","href":"https:\/\/api.w.org\/{rel}","templated":true}]}}