{"id":40111,"date":"2025-03-17T11:45:12","date_gmt":"2025-03-17T11:45:12","guid":{"rendered":"https:\/\/247stiri.ro\/index.php\/2025\/03\/17\/america-s-a-retras-din-grupul-care-investigheaza-ucraina-ce-inseamna-asta-potrivit-jurnalistei-ana-maria-pacuraru\/"},"modified":"2025-03-17T11:45:12","modified_gmt":"2025-03-17T11:45:12","slug":"america-s-a-retras-din-grupul-care-investigheaza-ucraina-ce-inseamna-asta-potrivit-jurnalistei-ana-maria-pacuraru","status":"publish","type":"post","link":"https:\/\/247stiri.ro\/index.php\/2025\/03\/17\/america-s-a-retras-din-grupul-care-investigheaza-ucraina-ce-inseamna-asta-potrivit-jurnalistei-ana-maria-pacuraru\/","title":{"rendered":"America s-a retras din grupul care investigheaz\u0103 Ucraina. Ce \u00eenseamn\u0103 asta, potrivit jurnalistei Ana Maria P\u0103curaru"},"content":{"rendered":"<p>Statele Unite s-au retras din grupul\u00a0multina\u021bional\u00a0creat pentru investigarea responsabililor de invazia Ucrainei, inclusiv pre\u0219edintele rus, Vladimir Putin.Decizia a fost comunicat\u0103 oficial de Departamentul de Justi\u021bie al SUA, iar acest grup fusese creat pentru a urm\u0103ri liderii ru\u0219i \u0219i alia\u021bii lor\u00a0pentru\u00a0crime de agresiune.Retragerea este v\u0103zut\u0103 ca o concesie fa\u021b\u0103 de Rusia \u0219i un semn c\u0103 administra\u021bia Trump se \u00eendep\u0103rteaz\u0103 de angajamentele predecesorului s\u0103u, Joe Biden. SUA fuseser\u0103 singura \u021bar\u0103\u00a0non european\u0103\u00a0implicat\u0103, trimi\u021b\u00e2nd un procuror la Haga pentru a coopera cu anchetatorii din Ucraina \u0219i alte state membre.De asemenea, administra\u021bia Trump a redus activitatea echipei de investigare a crimelor de r\u0103zboi, iar retragerea a fost explicat\u0103 c\u0103 o\u00a0relocare\u00a0de resurse, ceea ce sugereaz\u0103 o schimbare \u00een politica extern\u0103 a Statelor Unite ale Americii.<\/p>","protected":false},"excerpt":{"rendered":"<p>Statele Unite s-au retras din grupul\u00a0multina\u021bional\u00a0creat pentru investigarea responsabililor de invazia Ucrainei, inclusiv pre\u0219edintele rus,&hellip;<\/p>\n","protected":false},"author":0,"featured_media":40106,"comment_status":"open","ping_status":"open","sticky":false,"template":"","format":"standard","meta":{"footnotes":""},"categories":[3],"tags":[],"class_list":["post-40111","post","type-post","status-publish","format-standard","has-post-thumbnail","hentry","category-politica"],"_links":{"self":[{"href":"https:\/\/247stiri.ro\/index.php\/wp-json\/wp\/v2\/posts\/40111","targetHints":{"allow":["GET"]}}],"collection":[{"href":"https:\/\/247stiri.ro\/index.php\/wp-json\/wp\/v2\/posts"}],"about":[{"href":"https:\/\/247stiri.ro\/index.php\/wp-json\/wp\/v2\/types\/post"}],"replies":[{"embeddable":true,"href":"https:\/\/247stiri.ro\/index.php\/wp-json\/wp\/v2\/comments?post=40111"}],"version-history":[{"count":0,"href":"https:\/\/247stiri.ro\/index.php\/wp-json\/wp\/v2\/posts\/40111\/revisions"}],"wp:featuredmedia":[{"embeddable":true,"href":"https:\/\/247stiri.ro\/index.php\/wp-json\/wp\/v2\/media\/40106"}],"wp:attachment":[{"href":"https:\/\/247stiri.ro\/index.php\/wp-json\/wp\/v2\/media?parent=40111"}],"wp:term":[{"taxonomy":"category","embeddable":true,"href":"https:\/\/247stiri.ro\/index.php\/wp-json\/wp\/v2\/categories?post=40111"},{"taxonomy":"post_tag","embeddable":true,"href":"https:\/\/247stiri.ro\/index.php\/wp-json\/wp\/v2\/tags?post=40111"}],"curies":[{"name":"wp","href":"https:\/\/api.w.org\/{rel}","templated":true}]}}