{"id":40115,"date":"2025-03-17T11:45:14","date_gmt":"2025-03-17T11:45:14","guid":{"rendered":"https:\/\/247stiri.ro\/index.php\/2025\/03\/17\/kremlinul-a-confirmat-ca-putin-si-trump-vor-avea-o-conversatie-telefonica-marti\/"},"modified":"2025-03-17T11:45:14","modified_gmt":"2025-03-17T11:45:14","slug":"kremlinul-a-confirmat-ca-putin-si-trump-vor-avea-o-conversatie-telefonica-marti","status":"publish","type":"post","link":"https:\/\/247stiri.ro\/index.php\/2025\/03\/17\/kremlinul-a-confirmat-ca-putin-si-trump-vor-avea-o-conversatie-telefonica-marti\/","title":{"rendered":"Kremlinul a confirmat c\u0103 Putin \u0219i Trump vor avea o conversa\u021bie telefonic\u0103 mar\u021bi"},"content":{"rendered":"<p>&#8216;Da, chiar a\u0219a este. O astfel de conversa\u021bie este preg\u0103tit\u0103 pentru mar\u021bi&#8217;, a declarat Dmitri Peskov, purt\u0103torul de cuv\u00e2nt al Kremlinului, \u00een conferin\u021ba sa de pres\u0103 telefonic\u0103 zilnic\u0103, fiind \u00eentrebat despre declara\u021bia f\u0103cut\u0103 de Domald Trump despre o astfel de discu\u021bie telefonic\u0103, informeaz\u0103 EFE \u0219i Reuters, citate din Agerpres.S\u0103pt\u0103m\u00e2na trecut\u0103, Putin s-a ar\u0103tat dispus s\u0103 abordeze \u00eempreun\u0103 cu Trump semnele de \u00eentrebare referitoare la propunerea de armisti\u021biu de 30 de zile \u00een Ucraina, pe care Kievul a acceptat-o deja.Ca r\u0103spuns la propunere, Putin a dat asigur\u0103ri c\u0103 Rusia sprijin\u0103 un armisti\u021biu, dar vede multe probleme \u00een aplicarea \u0219i verificarea unei \u00eencet\u0103ri a focului \u0219i \u00een \u00eempiedicarea Kievului s\u0103 profite de r\u0103gaz pentru a se regrupa \u0219i re\u00eenarma.Trump i-a cerut lui Putin s\u0103-i fie mil\u0103 de trupele ucrainene care \u00eenc\u0103 rezist\u0103 \u00een regiunea rus\u0103 Kursk, r\u0103spunsul locatarului de la Kremlin fiind c\u0103 le va cru\u021ba vie\u021bile dac\u0103 militarii ucraineni vor depune armele \u0219i se predau, de\u0219i \u00eei consider\u0103 &#8216;terori\u0219ti&#8217;.Ambii lideri au vorbit pentru prima dat\u0103 la 12 februarie, conversa\u021bie \u00een care au convenit s\u0103 demareze un proces de negocieri pentru a pune cap\u0103t r\u0103zboiului din Ucraina.Separat, Peskov a mai declarat c\u0103 decizia pre\u0219edintelui Trump de a t\u0103ia finan\u021barea pentru Radio Free Europe\/Radio Liberty este o decizie intern\u0103 a SUA care nu prive\u0219te Rusia, transmite Reuters.Peste 1.300 de angaja\u021bi ai Vocii Americii (Voice of America, VOA) au fost informa\u021bi s\u00e2mb\u0103t\u0103 c\u0103 \u00eencep\u00e2nd din 31 martie contractul lor ia sf\u00e2r\u0219it, iar finan\u021barea pentru dou\u0103 servicii de \u0219tiri americane care transmiteau \u00een \u021b\u0103ri cu regimuri autoritare a fost anulat\u0103.<\/p>","protected":false},"excerpt":{"rendered":"<p>&#8216;Da, chiar a\u0219a este. O astfel de conversa\u021bie este preg\u0103tit\u0103 pentru mar\u021bi&#8217;, a declarat Dmitri&hellip;<\/p>\n","protected":false},"author":0,"featured_media":40104,"comment_status":"open","ping_status":"open","sticky":false,"template":"","format":"standard","meta":{"footnotes":""},"categories":[2],"tags":[],"class_list":["post-40115","post","type-post","status-publish","format-standard","has-post-thumbnail","hentry","category-actual"],"_links":{"self":[{"href":"https:\/\/247stiri.ro\/index.php\/wp-json\/wp\/v2\/posts\/40115","targetHints":{"allow":["GET"]}}],"collection":[{"href":"https:\/\/247stiri.ro\/index.php\/wp-json\/wp\/v2\/posts"}],"about":[{"href":"https:\/\/247stiri.ro\/index.php\/wp-json\/wp\/v2\/types\/post"}],"replies":[{"embeddable":true,"href":"https:\/\/247stiri.ro\/index.php\/wp-json\/wp\/v2\/comments?post=40115"}],"version-history":[{"count":0,"href":"https:\/\/247stiri.ro\/index.php\/wp-json\/wp\/v2\/posts\/40115\/revisions"}],"wp:featuredmedia":[{"embeddable":true,"href":"https:\/\/247stiri.ro\/index.php\/wp-json\/wp\/v2\/media\/40104"}],"wp:attachment":[{"href":"https:\/\/247stiri.ro\/index.php\/wp-json\/wp\/v2\/media?parent=40115"}],"wp:term":[{"taxonomy":"category","embeddable":true,"href":"https:\/\/247stiri.ro\/index.php\/wp-json\/wp\/v2\/categories?post=40115"},{"taxonomy":"post_tag","embeddable":true,"href":"https:\/\/247stiri.ro\/index.php\/wp-json\/wp\/v2\/tags?post=40115"}],"curies":[{"name":"wp","href":"https:\/\/api.w.org\/{rel}","templated":true}]}}