{"id":40116,"date":"2025-03-17T11:45:14","date_gmt":"2025-03-17T11:45:14","guid":{"rendered":"https:\/\/247stiri.ro\/index.php\/2025\/03\/17\/incident-grav-in-gara-din-campina-un-barbat-de-50-de-ani-a-cazut-din-tren\/"},"modified":"2025-03-17T11:45:14","modified_gmt":"2025-03-17T11:45:14","slug":"incident-grav-in-gara-din-campina-un-barbat-de-50-de-ani-a-cazut-din-tren","status":"publish","type":"post","link":"https:\/\/247stiri.ro\/index.php\/2025\/03\/17\/incident-grav-in-gara-din-campina-un-barbat-de-50-de-ani-a-cazut-din-tren\/","title":{"rendered":"Incident grav \u00een gara din C\u00e2mpina: un b\u0103rbat de 50 de ani a c\u0103zut din tren"},"content":{"rendered":"<p>Autorit\u0103\u021bile au intervenit de urgen\u021b\u0103, iar primele verific\u0103ri sugereaz\u0103 c\u0103 acesta ar fi c\u0103zut dintr-un tren aflat \u00een mi\u0219care.<\/p>\n<p>Cercet\u0103rile continu\u0103 pentru stabilirea cauzelor<\/p>\n<p><a href=\"https:\/\/www.realitatea.net\/stiri\/actual\/muncitor-electrocutat-mortal-in-gara-greseala-fatala-care-ia-adus-sfarsitul_67d54c64c62d8d689a4ec94a\" target=\"_blank\">Echipajele de poli\u021bie<\/a> din cadrul Serviciului Jude\u021bean de Poli\u021bie Transporturi s-au deplasat imediat la fa\u021ba locului pentru a investiga circumstan\u021bele evenimentului. P\u00e2n\u0103 \u00een acest moment, nu exist\u0103 suspiciuni privind o agresiune sau un act violent, arat\u0103 g\u0103zarul.ro.<\/p>\n<p>Victima a fost preluat\u0103 de echipajele medicale \u0219i transportat\u0103 la spital pentru \u00eengrijiri de specialitate. Medicii monitorizeaz\u0103 starea sa, urm\u00e2nd s\u0103 stabileasc\u0103 gravitatea leziunilor suferite.<\/p>\n<p>\u00cen paralel, poli\u021bi\u0219tii au deschis un dosar penal pentru v\u0103t\u0103mare corporal\u0103 din culp\u0103 \u0219i continu\u0103 cercet\u0103rile pentru a clarifica exact cum s-a produs incidentul. Imaginile surprinse de camerele de supraveghere din gar\u0103 vor fi analizate, iar martorii vor fi audia\u021bi.<\/p>\n<p>R\u0103m\u00e2ne de stabilit dac\u0103 au existat deficien\u021be \u00een<a href=\"https:\/\/www.realitatea.net\/stiri\/actual\/incident-grav-in-gara-din-targu-neamt-un-adolescent-de-17-ani-a-fost-electrocutat_67cf26a893082f0791175cc2\" target=\"_blank\"> siguran\u021ba transportului feroviar<\/a> sau dac\u0103 incidentul a fost rezultatul unei neaten\u021bii.<\/p>\n<p>Poli\u021bia recomand\u0103 pasagerilor s\u0103 respecte m\u0103surile de siguran\u021b\u0103 la urcarea \u0219i cobor\u00e2rea din tren pentru a preveni astfel de accidente.<\/p>","protected":false},"excerpt":{"rendered":"<p>Autorit\u0103\u021bile au intervenit de urgen\u021b\u0103, iar primele verific\u0103ri sugereaz\u0103 c\u0103 acesta ar fi c\u0103zut dintr-un&hellip;<\/p>\n","protected":false},"author":0,"featured_media":40117,"comment_status":"open","ping_status":"open","sticky":false,"template":"","format":"standard","meta":{"footnotes":""},"categories":[2],"tags":[],"class_list":["post-40116","post","type-post","status-publish","format-standard","has-post-thumbnail","hentry","category-actual"],"_links":{"self":[{"href":"https:\/\/247stiri.ro\/index.php\/wp-json\/wp\/v2\/posts\/40116","targetHints":{"allow":["GET"]}}],"collection":[{"href":"https:\/\/247stiri.ro\/index.php\/wp-json\/wp\/v2\/posts"}],"about":[{"href":"https:\/\/247stiri.ro\/index.php\/wp-json\/wp\/v2\/types\/post"}],"replies":[{"embeddable":true,"href":"https:\/\/247stiri.ro\/index.php\/wp-json\/wp\/v2\/comments?post=40116"}],"version-history":[{"count":0,"href":"https:\/\/247stiri.ro\/index.php\/wp-json\/wp\/v2\/posts\/40116\/revisions"}],"wp:featuredmedia":[{"embeddable":true,"href":"https:\/\/247stiri.ro\/index.php\/wp-json\/wp\/v2\/media\/40117"}],"wp:attachment":[{"href":"https:\/\/247stiri.ro\/index.php\/wp-json\/wp\/v2\/media?parent=40116"}],"wp:term":[{"taxonomy":"category","embeddable":true,"href":"https:\/\/247stiri.ro\/index.php\/wp-json\/wp\/v2\/categories?post=40116"},{"taxonomy":"post_tag","embeddable":true,"href":"https:\/\/247stiri.ro\/index.php\/wp-json\/wp\/v2\/tags?post=40116"}],"curies":[{"name":"wp","href":"https:\/\/api.w.org\/{rel}","templated":true}]}}