{"id":40118,"date":"2025-03-17T11:45:15","date_gmt":"2025-03-17T11:45:15","guid":{"rendered":"https:\/\/247stiri.ro\/index.php\/2025\/03\/17\/george-simion-a-facut-anuntul-care-da-fiori-sistemului-vom-merge-impreuna-alaturi-de-calin-georgescu-liderul-aur-invitat-la-ora-2100-la-culisele-statului-paralel-video\/"},"modified":"2025-03-17T11:45:15","modified_gmt":"2025-03-17T11:45:15","slug":"george-simion-a-facut-anuntul-care-da-fiori-sistemului-vom-merge-impreuna-alaturi-de-calin-georgescu-liderul-aur-invitat-la-ora-2100-la-culisele-statului-paralel-video","status":"publish","type":"post","link":"https:\/\/247stiri.ro\/index.php\/2025\/03\/17\/george-simion-a-facut-anuntul-care-da-fiori-sistemului-vom-merge-impreuna-alaturi-de-calin-georgescu-liderul-aur-invitat-la-ora-2100-la-culisele-statului-paralel-video\/","title":{"rendered":"George Simion a f\u0103cut anun\u021bul care d\u0103 fiori sistemului: Vom merge \u00eempreun\u0103 al\u0103turi de C\u0103lin Georgescu. Liderul AUR, invitat la ora 21:00 la Culisele Statului Paralel &#8211; VIDEO"},"content":{"rendered":"<p>&#8222;Este \u0219ah mat, mergem \u00een continuare al\u0103turi de C\u0103lin Georgescu, nu ne dezicem. Tr\u0103d\u0103torii au scos capul aproape cu to\u021bii, mai exist\u0103 dou\u0103 contesta\u021bii la CCR , se \u00eentrune\u0219te azi, vom vedea ce se va \u00eent\u00e2mpla&#8221;, a declarat liderul suveranist.\u00a0<\/p>\n<p>\u00a0<\/p>\n<p><a title=\"@georgesimionoficial\" href=\"https:\/\/www.tiktok.com\/@georgesimionoficial?refer=embed\" target=\"_blank\">@georgesimionoficial<\/a><\/p>\n<p>\u00a0<\/p>\n<p><a title=\"\u266c sunet original - GEORGE SIMION\" href=\"https:\/\/www.tiktok.com\/music\/sunet-original-7482715273666366230?refer=embed\" target=\"_blank\">\u266c sunet original &#8211; GEORGE SIMION<\/a><\/p>\n<p>\u00a0<\/p>\n<p>Liderul AUR va oferi detalii, \u00een exclusivitate, \u00een emisiunea Culisele Statului Paralel, realizat\u0103 de Anca Alexandrescu.<\/p>\n<p>\u00a0<\/p>","protected":false},"excerpt":{"rendered":"<p>&#8222;Este \u0219ah mat, mergem \u00een continuare al\u0103turi de C\u0103lin Georgescu, nu ne dezicem. Tr\u0103d\u0103torii au&hellip;<\/p>\n","protected":false},"author":0,"featured_media":40113,"comment_status":"open","ping_status":"open","sticky":false,"template":"","format":"standard","meta":{"footnotes":""},"categories":[2],"tags":[],"class_list":["post-40118","post","type-post","status-publish","format-standard","has-post-thumbnail","hentry","category-actual"],"_links":{"self":[{"href":"https:\/\/247stiri.ro\/index.php\/wp-json\/wp\/v2\/posts\/40118","targetHints":{"allow":["GET"]}}],"collection":[{"href":"https:\/\/247stiri.ro\/index.php\/wp-json\/wp\/v2\/posts"}],"about":[{"href":"https:\/\/247stiri.ro\/index.php\/wp-json\/wp\/v2\/types\/post"}],"replies":[{"embeddable":true,"href":"https:\/\/247stiri.ro\/index.php\/wp-json\/wp\/v2\/comments?post=40118"}],"version-history":[{"count":0,"href":"https:\/\/247stiri.ro\/index.php\/wp-json\/wp\/v2\/posts\/40118\/revisions"}],"wp:featuredmedia":[{"embeddable":true,"href":"https:\/\/247stiri.ro\/index.php\/wp-json\/wp\/v2\/media\/40113"}],"wp:attachment":[{"href":"https:\/\/247stiri.ro\/index.php\/wp-json\/wp\/v2\/media?parent=40118"}],"wp:term":[{"taxonomy":"category","embeddable":true,"href":"https:\/\/247stiri.ro\/index.php\/wp-json\/wp\/v2\/categories?post=40118"},{"taxonomy":"post_tag","embeddable":true,"href":"https:\/\/247stiri.ro\/index.php\/wp-json\/wp\/v2\/tags?post=40118"}],"curies":[{"name":"wp","href":"https:\/\/api.w.org\/{rel}","templated":true}]}}