{"id":40126,"date":"2025-03-17T12:46:39","date_gmt":"2025-03-17T12:46:39","guid":{"rendered":"https:\/\/247stiri.ro\/index.php\/2025\/03\/17\/drepturile-romanilor-sunt-incalcate-din-nou-in-mod-abuziv-anca-alexandrescu-s-au-mutat-jocurile-din-sufrageria-lui-oprea-in-sufrageria-lui-bolojan-la-cotroceni\/"},"modified":"2025-03-17T12:46:39","modified_gmt":"2025-03-17T12:46:39","slug":"drepturile-romanilor-sunt-incalcate-din-nou-in-mod-abuziv-anca-alexandrescu-s-au-mutat-jocurile-din-sufrageria-lui-oprea-in-sufrageria-lui-bolojan-la-cotroceni","status":"publish","type":"post","link":"https:\/\/247stiri.ro\/index.php\/2025\/03\/17\/drepturile-romanilor-sunt-incalcate-din-nou-in-mod-abuziv-anca-alexandrescu-s-au-mutat-jocurile-din-sufrageria-lui-oprea-in-sufrageria-lui-bolojan-la-cotroceni\/","title":{"rendered":"Drepturile rom\u00e2nilor sunt \u00eenc\u0103lcate din nou \u00een mod abuziv! Anca Alexandrescu: S-au mutat jocurile din sufrageria lui Oprea \u00een sufrageria lui Bolojan la Cotroceni?"},"content":{"rendered":"<p>&#8222;\u00cen primul r\u00e2nd trebuie s\u0103 afl\u0103m ce caut\u0103 dl Bolojan\u00a0\u00een aceast\u0103 ecua\u021bie pentru c\u0103 pre\u0219edintele Rom\u00e2niei nu are niciun fel de atribut constitu\u021bional \u00een organizarea alegerilor.Pre\u0219edintele vegheaz\u0103 asupra respect\u0103rii Constitu\u021biei. Asta \u0219tiu eu, c\u00e2nd am citit Constitu\u021bia, a\u0219a scria. \u00centre timp eu nu am aflat c\u0103 s-a schimbat Constitu\u021bia. Nu am v\u0103zut nici c\u0103\u00a0Iohannuis\u00a0a vegheat asupra respect\u0103rii Constitu\u021biei pentru c\u0103 a fost \u00eenc\u0103lcat\u0103 timp 10 ani constant \u0219i ultimul moment a fost atunci c\u00e2nd au dat lovitur\u0103 de st\u0103 la anularea alegerilor, \u00een 6 decembrie. Acela\u0219i lucru face \u0219i pre\u0219edintele interimar, Ilie\u00a0Bolojan. Nu vegheaz\u0103 la respectarea Constitu\u021biei &#8211; a confirmat tot ceea ce a f\u0103cut Klaus Iohannis \u0219i acest stat abuziv care ne \u00eencalc\u0103 drepturile, ne ia dreptul la vot liber \u0219i dreptul la liber\u0103 exprimare.Eu a\u0219 vrea s\u0103 \u0219tiu \u00een ce calitate Ilie\u00a0Bolojan\u00a0a chemat premierul, ministrul de Interne s\u0103 vorbeasc\u0103 despre organizarea alegerilor. Ce rol mai are AEP \u00een aceste condi\u021bii? Oare de asta l-au \u00eenl\u0103turat pe dl Toni Grebl\u0103 c\u0103 s\u0103 poat\u0103 s\u0103 fac\u0103, de fapt, jocurile, la Cotroceni? S-au mutat jocurile din sufrageria lui Gabriel Oprea \u00een sufrageria lui Ilie\u00a0Bolojan\u00a0la Cotroceni? Asta este Rom\u00e2nia democratic\u0103 \u00een care vrem s\u0103 tr\u0103im? De ce nimeni nu se sesizeaz\u0103? Vreau s\u0103 v\u0103d \u0219i eu societatea civil\u0103\u00a0suveranist\u0103\u00a0c\u0103 \u00eencepe \u0219i face pl\u00e2ngeri. Cum este posibil c\u0103 drepturile noastre s\u0103 fie \u00eenc\u0103lcate \u00een mod abuziv? Vreau s\u0103 v\u0103d avoca\u021bii c\u0103 se organizeaz\u0103 \u0219i fac pl\u00e2ngeri la institu\u021biile interna\u021bionale pentru aceast\u0103 \u00eenc\u0103lcare grav\u0103 a Constitu\u021biei pe care o continu\u0103 pre\u0219edintele interimar Ilie\u00a0Bolojan, care nu are\u00a0niciun fel\u00a0de legitimitate, nefiind ales de poporul rom\u00e2n.Este o mizerie \u0219i participant la acest lucru este \u0219i PSD, \u0219i PNL, \u0219i UDMR, adic\u0103 toat\u0103 puterea. Nu se \u00eent\u00e2lne\u0219te dec\u00e2t puterea s\u0103\u00a0stabileasc\u0103 cum\u00a0ne vor pune din nou pe g\u00e2t stigma aceast\u0103 mizerabil\u0103 a Ursulei von der Leyen, pe care ei doresc \u00een continuare s\u0103 ne ghidoneze, s\u0103 ne pun\u0103 pumnul \u00een gur\u0103.<\/p>\n<p>Citeam asear\u0103 ni\u0219te personaje care spuneau &lt;&lt;trebuie s\u0103 execut\u0103m ordinele de le Bruxelles&gt;&gt;. M\u0103 uit\u0103m acum pe interviul unui membru al CNA: cum vre\u021bi s\u0103 amendeze derapajele din alte televiziuni, c\u00e2nd chiar membrii CNA-ului spun public c\u0103 votan\u021bii lui C\u0103lin Georgescu, suverani\u0219tii sunt ni\u0219te pro\u0219ti \u0219i sunt ale\u0219i cu aten\u021bie de ni\u0219te ru\u0219i? Asta e \u021bara \u00een care tr\u0103im ast\u0103zi. De asta eu \u00een fiecare zi le spun oamenilor s\u0103 r\u0103m\u00e2n\u0103 cu inima sus, s\u0103 r\u0103m\u00e2n\u0103 uni\u021bi, s\u0103 nu se dezbine \u0219i s\u0103 mearg\u0103 mai departe \u00een lupta asta pentru c\u0103 asta \u00eencearc\u0103 ei s\u0103 fac\u0103, s\u0103 ne dezbine, s\u0103 ne manipuleze \u0219i \u00een continuare &#8211; \u00een spatele acestor subiecte false de care noi suntem trimi\u0219i s\u0103 discut\u0103m &#8211; ei , de fapt, fac aranjamente. Aranjeaz\u0103 cum s\u0103 fac\u0103 c\u0103 la urm\u0103toarele alegeri, indiferent de votul nostru, s\u0103 ias\u0103 tot oamenii sistemului. \u0218i Bolojan, \u0219i to\u021bi ceilal\u021bi sunt oamenii sistemului. Doar ei supravie\u021buiesc. Asta e realitatea de ast\u0103zi&#8221;, , a afirmat Anca Alexandrescu.\u00a0<\/p>\n<p>Dezv\u0103luiri explozive! George Simion, \u00een aceast\u0103 sear\u0103, \u00een platoul Culiselor Statului Paralel<\/p>\n<p>&#8222;\u00cen seara asta o s\u0103 am o mul\u021bime de exclusivit\u0103\u021bi. \u00cen primul r\u00e2nd, George Simion va fi \u00een paltou la Culisele Statului Paralel. Apo am un mesaj de la C\u0103lin Georgescu care nu e nou, e un mesaj mai vechi, dar pe care l-am selectat \u00eempreun\u0103 cu echipa domniei sale, extrem de potrivit pentru aceast\u0103 perioad\u0103 a postului. Eu nu vreau s\u0103 fac r\u0103u \u0219i am \u00eentrebat pentru c\u0103 oamenii mi-au spus c\u0103 le este dor de C\u0103lin Georgescu \u0219i de \u00eendrumarea sa, \u0219i cred c\u0103 e un mesaj foarte potrivit s\u0103-l vad\u0103. Tot \u00een aceast\u0103 sear\u0103, \u00eel am \u00een excusivitate \u00een leg\u0103tur\u0103 direct\u0103 \u0219i pe cel care a f\u0103cut contesta\u021bia \u00eempotriva candidaturii lui Victor Ponta&#8221;, a mai spus jurnalista.\u00a0<\/p>","protected":false},"excerpt":{"rendered":"<p>&#8222;\u00cen primul r\u00e2nd trebuie s\u0103 afl\u0103m ce caut\u0103 dl Bolojan\u00a0\u00een aceast\u0103 ecua\u021bie pentru c\u0103 pre\u0219edintele&hellip;<\/p>\n","protected":false},"author":0,"featured_media":40127,"comment_status":"open","ping_status":"open","sticky":false,"template":"","format":"standard","meta":{"footnotes":""},"categories":[3],"tags":[],"class_list":["post-40126","post","type-post","status-publish","format-standard","has-post-thumbnail","hentry","category-politica"],"_links":{"self":[{"href":"https:\/\/247stiri.ro\/index.php\/wp-json\/wp\/v2\/posts\/40126","targetHints":{"allow":["GET"]}}],"collection":[{"href":"https:\/\/247stiri.ro\/index.php\/wp-json\/wp\/v2\/posts"}],"about":[{"href":"https:\/\/247stiri.ro\/index.php\/wp-json\/wp\/v2\/types\/post"}],"replies":[{"embeddable":true,"href":"https:\/\/247stiri.ro\/index.php\/wp-json\/wp\/v2\/comments?post=40126"}],"version-history":[{"count":0,"href":"https:\/\/247stiri.ro\/index.php\/wp-json\/wp\/v2\/posts\/40126\/revisions"}],"wp:featuredmedia":[{"embeddable":true,"href":"https:\/\/247stiri.ro\/index.php\/wp-json\/wp\/v2\/media\/40127"}],"wp:attachment":[{"href":"https:\/\/247stiri.ro\/index.php\/wp-json\/wp\/v2\/media?parent=40126"}],"wp:term":[{"taxonomy":"category","embeddable":true,"href":"https:\/\/247stiri.ro\/index.php\/wp-json\/wp\/v2\/categories?post=40126"},{"taxonomy":"post_tag","embeddable":true,"href":"https:\/\/247stiri.ro\/index.php\/wp-json\/wp\/v2\/tags?post=40126"}],"curies":[{"name":"wp","href":"https:\/\/api.w.org\/{rel}","templated":true}]}}