{"id":40128,"date":"2025-03-17T12:46:40","date_gmt":"2025-03-17T12:46:40","guid":{"rendered":"https:\/\/247stiri.ro\/index.php\/2025\/03\/17\/concluziile-discutiilor-lui-bolojan-cu-institutiile-responsabile-de-organizarea-alegerilor-prezidentiale-ce-s-a-decis\/"},"modified":"2025-03-17T12:46:40","modified_gmt":"2025-03-17T12:46:40","slug":"concluziile-discutiilor-lui-bolojan-cu-institutiile-responsabile-de-organizarea-alegerilor-prezidentiale-ce-s-a-decis","status":"publish","type":"post","link":"https:\/\/247stiri.ro\/index.php\/2025\/03\/17\/concluziile-discutiilor-lui-bolojan-cu-institutiile-responsabile-de-organizarea-alegerilor-prezidentiale-ce-s-a-decis\/","title":{"rendered":"Concluziile discu\u0163iilor lui Bolojan cu institu\u0163iile responsabile de organizarea alegerilor preziden\u021biale: ce s-a decis"},"content":{"rendered":"<p>\u201dS-a discutat despre organizarea propriu-zis\u0103 a alegerilor. \u00cen plan intern, AEP \u015fi MAI au confirmat ca sunt \u00een grafic. \u00cen plan extern, s-a convenit s\u0103 avem cel pu\u0163in acela\u015fi num\u0103r de sec\u0163ii de vot, s\u0103 nu fie probleme din acest punct de vedere, mai ales c\u0103 \u00een Polonia \u015fi Portugalia se suprapun cu alegeri interne\u201d, au transmis, luni, reprezentntan\u021bii Administra\u0163iei Preziden\u0163iale \u00eentr-un comunicat de pres\u0103.\u00a0<\/p>\n<p>Potrivit sursei citate, p\u00e2n\u0103 la sf\u00e2r\u015fitul lunii martie vor fi definitivate loca\u0163iile pentru sec\u0163iile de vot \u015fi comunicate public.<\/p>\n<p>\u201d\u00cen ceea ce prive\u015fte desf\u0103\u015furarea campaniei electorale \u00een mediul online, institu\u0163iile competente trebuie s\u0103 aplice legile \u00een vigoare, pentru combaterea con\u0163inutului ilegal\u201d, mai arat\u0103 Pre\u0219edin\u021bia.<\/p>\n<p>\u00cen \u0219edin\u021ba de luni, de la Palatul Cotroceni, s-a convenit, de asemenea, s\u0103 se fac\u0103 un grup de lucru pentru o bun\u0103 coordonare \u015fi colaborare \u00eentre AEP, BEC, CNA \u015fi ANCOM.<\/p>\n<p>Reamintim c\u0103 pre\u015fedintele interimar al Rom\u00e2niei, Ilie Bolojan, a convocat, luni, la Palatul Cotroceni autorit\u0103\u0163ile cu responsabilit\u0103\u0163i \u00een organizarea alegerilor preziden\u0163iale.\u00a0<\/p>","protected":false},"excerpt":{"rendered":"<p>\u201dS-a discutat despre organizarea propriu-zis\u0103 a alegerilor. \u00cen plan intern, AEP \u015fi MAI au confirmat&hellip;<\/p>\n","protected":false},"author":0,"featured_media":40129,"comment_status":"open","ping_status":"open","sticky":false,"template":"","format":"standard","meta":{"footnotes":""},"categories":[3],"tags":[],"class_list":["post-40128","post","type-post","status-publish","format-standard","has-post-thumbnail","hentry","category-politica"],"_links":{"self":[{"href":"https:\/\/247stiri.ro\/index.php\/wp-json\/wp\/v2\/posts\/40128","targetHints":{"allow":["GET"]}}],"collection":[{"href":"https:\/\/247stiri.ro\/index.php\/wp-json\/wp\/v2\/posts"}],"about":[{"href":"https:\/\/247stiri.ro\/index.php\/wp-json\/wp\/v2\/types\/post"}],"replies":[{"embeddable":true,"href":"https:\/\/247stiri.ro\/index.php\/wp-json\/wp\/v2\/comments?post=40128"}],"version-history":[{"count":0,"href":"https:\/\/247stiri.ro\/index.php\/wp-json\/wp\/v2\/posts\/40128\/revisions"}],"wp:featuredmedia":[{"embeddable":true,"href":"https:\/\/247stiri.ro\/index.php\/wp-json\/wp\/v2\/media\/40129"}],"wp:attachment":[{"href":"https:\/\/247stiri.ro\/index.php\/wp-json\/wp\/v2\/media?parent=40128"}],"wp:term":[{"taxonomy":"category","embeddable":true,"href":"https:\/\/247stiri.ro\/index.php\/wp-json\/wp\/v2\/categories?post=40128"},{"taxonomy":"post_tag","embeddable":true,"href":"https:\/\/247stiri.ro\/index.php\/wp-json\/wp\/v2\/tags?post=40128"}],"curies":[{"name":"wp","href":"https:\/\/api.w.org\/{rel}","templated":true}]}}