{"id":40143,"date":"2025-03-17T13:45:05","date_gmt":"2025-03-17T13:45:05","guid":{"rendered":"https:\/\/247stiri.ro\/index.php\/2025\/03\/17\/caz-bizar-in-portul-tomis-un-tanar-a-anuntat-la-112-propria-tentativa-de-sinucidere-prezentandu-se-drept-martor\/"},"modified":"2025-03-17T13:45:05","modified_gmt":"2025-03-17T13:45:05","slug":"caz-bizar-in-portul-tomis-un-tanar-a-anuntat-la-112-propria-tentativa-de-sinucidere-prezentandu-se-drept-martor","status":"publish","type":"post","link":"https:\/\/247stiri.ro\/index.php\/2025\/03\/17\/caz-bizar-in-portul-tomis-un-tanar-a-anuntat-la-112-propria-tentativa-de-sinucidere-prezentandu-se-drept-martor\/","title":{"rendered":"Caz bizar \u00een Portul Tomis. Un t\u00e2n\u0103r a anun\u021bat la 112 propria tentativ\u0103 de sinucidere, prezent\u00e2ndu-se drept martor"},"content":{"rendered":"<p>Potrivit salvatorilor, b\u0103rbatul ar fi sunat la 112, s-a dat drept alt\u0103 persoan\u0103, \u0219i a spus c\u0103 ar fi pe faleza Cazino-ului, unde vede o persoan\u0103 \u00een cap\u0103tul digului care d\u0103 impresia c\u0103 ar vrea s\u0103 se sinucid\u0103, scrie <a href=\"https:\/\/cugetliber.ro\/stiri-eveniment-update-alerta-in-portul-tomis-un-tanar-a-incercat-sa-isi-ia-viata-525015\" target=\"_blank\">Cuget Liber.<\/a><\/p>\n<p>Echipajele de interven\u021bie ale Inspectoratului pentru Situa\u021bii de Urgen\u021b\u0103 (ISU) \u201eDobrogea\u201d, dar \u0219i ale Inspectoratului de Poli\u021bie Jude\u021bean (IPJ) Constan\u021ba au intervenit, iar t\u00e2n\u0103rul \u00een v\u00e2rst\u0103 de 19 ani care a sunat la 112 s-a aruncat \u00een apele m\u0103rii, potrivit surei citate.<\/p>\n<p>La fa\u021ba locului au intervenit o ambarca\u021biune a Poli\u021biei de Frontier\u0103, dar \u0219i scafandri de la Garda de Coast\u0103.<\/p>\n<p>Victima a fost scoas\u0103 din ap\u0103, con\u0219tient\u0103 \u0219i a refuzat transportul la spital, fiind preluat\u0103 de c\u0103tre un echipaj de poli\u021bie.<\/p>","protected":false},"excerpt":{"rendered":"<p>Potrivit salvatorilor, b\u0103rbatul ar fi sunat la 112, s-a dat drept alt\u0103 persoan\u0103, \u0219i a&hellip;<\/p>\n","protected":false},"author":0,"featured_media":40144,"comment_status":"open","ping_status":"open","sticky":false,"template":"","format":"standard","meta":{"footnotes":""},"categories":[2],"tags":[],"class_list":["post-40143","post","type-post","status-publish","format-standard","has-post-thumbnail","hentry","category-actual"],"_links":{"self":[{"href":"https:\/\/247stiri.ro\/index.php\/wp-json\/wp\/v2\/posts\/40143","targetHints":{"allow":["GET"]}}],"collection":[{"href":"https:\/\/247stiri.ro\/index.php\/wp-json\/wp\/v2\/posts"}],"about":[{"href":"https:\/\/247stiri.ro\/index.php\/wp-json\/wp\/v2\/types\/post"}],"replies":[{"embeddable":true,"href":"https:\/\/247stiri.ro\/index.php\/wp-json\/wp\/v2\/comments?post=40143"}],"version-history":[{"count":0,"href":"https:\/\/247stiri.ro\/index.php\/wp-json\/wp\/v2\/posts\/40143\/revisions"}],"wp:featuredmedia":[{"embeddable":true,"href":"https:\/\/247stiri.ro\/index.php\/wp-json\/wp\/v2\/media\/40144"}],"wp:attachment":[{"href":"https:\/\/247stiri.ro\/index.php\/wp-json\/wp\/v2\/media?parent=40143"}],"wp:term":[{"taxonomy":"category","embeddable":true,"href":"https:\/\/247stiri.ro\/index.php\/wp-json\/wp\/v2\/categories?post=40143"},{"taxonomy":"post_tag","embeddable":true,"href":"https:\/\/247stiri.ro\/index.php\/wp-json\/wp\/v2\/tags?post=40143"}],"curies":[{"name":"wp","href":"https:\/\/api.w.org\/{rel}","templated":true}]}}