{"id":40161,"date":"2025-03-17T14:44:49","date_gmt":"2025-03-17T14:44:49","guid":{"rendered":"https:\/\/247stiri.ro\/index.php\/2025\/03\/17\/carambol-in-capitala-sase-vehicule-intre-care-si-un-microbuz-de-transport-persoane-s-au-ciocnit-violent-traficul-este-restrictionat\/"},"modified":"2025-03-17T14:44:49","modified_gmt":"2025-03-17T14:44:49","slug":"carambol-in-capitala-sase-vehicule-intre-care-si-un-microbuz-de-transport-persoane-s-au-ciocnit-violent-traficul-este-restrictionat","status":"publish","type":"post","link":"https:\/\/247stiri.ro\/index.php\/2025\/03\/17\/carambol-in-capitala-sase-vehicule-intre-care-si-un-microbuz-de-transport-persoane-s-au-ciocnit-violent-traficul-este-restrictionat\/","title":{"rendered":"Carambol \u00een Capital\u0103: \u0218ase vehicule, \u00eentre care \u0219i un microbuz de transport persoane, s-au ciocnit violent. Traficul este restric\u021bionat"},"content":{"rendered":"<p><a href=\"https:\/\/www.realitatea.net\/stiri\/actual\/incident-grav-in-gara-din-campina-un-barbat-de-50-de-ani-a-cazut-din-tren_67d80508c2a713378362b6a2\" target=\"_blank\">Incidentul<\/a> s-a petrecut \u00een intersec\u0163ia \u015eos. Chitilei-Bd. Laminorului, din sectorul 1 al Capitalei, iar la scurt timp, la fa\u021ba locului au intervenit mai multe echipaje de poli\u021bie \u0219i ambulan\u021b\u0103.\u00a0<\/p>\n<p>\u201dLa data de 17 martie 2025, \u00een jurul orei 15.10, Brigada Rutier\u0103 a fost sesizat\u0103 prin apel 112, cu privire la producerea unui accident de circula\u0163ie la intersec\u0163ia \u015eos. Chitilei-Bd. Laminorului. Poli\u0163i\u015ftii rutieri ajun\u015fi la fa\u0163a locului au constatat c\u0103 cele sesizate se confirm\u0103, fiind vorba de un accident de circula\u0163ie, \u00een care au fost implicate 6 autovehicule (5 autoturisme \u015fi un microbuz de transport persoane)\u201d, anun\u0163\u0103, luni, Brigada Rutier\u0103 a Capitalei.<\/p>\n<p>Potrivit autorit\u0103\u021bilor, patru persoane au fost transportate de urgen\u021b\u0103 la spital, iar altele au fost evaluate medical la fa\u021ba locului.\u00a0<\/p>\n<p>\u201dP\u00e2n\u0103 la acest moment 4 persoane au fost transportate la spital \u00een vederea acord\u0103rii de \u00eengrijiri medicale. Conduc\u0103torii auto au fost testa\u0163i cu aparatul alcooltest, rezultatele fiind zero&#8221;, a mai transmis sura citat\u0103.<\/p>\n<p>Au fost aplicate restric\u0163ii de circula\u0163ie pe \u015eos. Chitilei, sensul dinspre DNCB c\u0103tre Mun. Bucure\u015fti, iar pe \u015eos. Chitilei, sensul c\u0103tre DNCB, se circul\u0103 pe o singur\u0103 band\u0103.<\/p>\n<p>\u00cen accest caz, Poli\u0163i\u015ftii Brig\u0103zii Rutiere fac cercet\u0103ri la fa\u0163a locului pentru a stabili cu exactitate cauzele producerii evenimentului rutier.\u00a0<\/p>","protected":false},"excerpt":{"rendered":"<p>Incidentul s-a petrecut \u00een intersec\u0163ia \u015eos. Chitilei-Bd. Laminorului, din sectorul 1 al Capitalei, iar la&hellip;<\/p>\n","protected":false},"author":0,"featured_media":40162,"comment_status":"open","ping_status":"open","sticky":false,"template":"","format":"standard","meta":{"footnotes":""},"categories":[2],"tags":[],"class_list":["post-40161","post","type-post","status-publish","format-standard","has-post-thumbnail","hentry","category-actual"],"_links":{"self":[{"href":"https:\/\/247stiri.ro\/index.php\/wp-json\/wp\/v2\/posts\/40161","targetHints":{"allow":["GET"]}}],"collection":[{"href":"https:\/\/247stiri.ro\/index.php\/wp-json\/wp\/v2\/posts"}],"about":[{"href":"https:\/\/247stiri.ro\/index.php\/wp-json\/wp\/v2\/types\/post"}],"replies":[{"embeddable":true,"href":"https:\/\/247stiri.ro\/index.php\/wp-json\/wp\/v2\/comments?post=40161"}],"version-history":[{"count":0,"href":"https:\/\/247stiri.ro\/index.php\/wp-json\/wp\/v2\/posts\/40161\/revisions"}],"wp:featuredmedia":[{"embeddable":true,"href":"https:\/\/247stiri.ro\/index.php\/wp-json\/wp\/v2\/media\/40162"}],"wp:attachment":[{"href":"https:\/\/247stiri.ro\/index.php\/wp-json\/wp\/v2\/media?parent=40161"}],"wp:term":[{"taxonomy":"category","embeddable":true,"href":"https:\/\/247stiri.ro\/index.php\/wp-json\/wp\/v2\/categories?post=40161"},{"taxonomy":"post_tag","embeddable":true,"href":"https:\/\/247stiri.ro\/index.php\/wp-json\/wp\/v2\/tags?post=40161"}],"curies":[{"name":"wp","href":"https:\/\/api.w.org\/{rel}","templated":true}]}}