{"id":40165,"date":"2025-03-17T14:44:50","date_gmt":"2025-03-17T14:44:50","guid":{"rendered":"https:\/\/247stiri.ro\/index.php\/2025\/03\/17\/organigrama-si-regulamentul-de-organizare-si-functionare-aprobat-de-presedintele-interimar-al-senatului-reducem-numarul-de-posturi-aflate-in-plata-de-la-796-la-618\/"},"modified":"2025-03-17T14:44:50","modified_gmt":"2025-03-17T14:44:50","slug":"organigrama-si-regulamentul-de-organizare-si-functionare-aprobat-de-presedintele-interimar-al-senatului-reducem-numarul-de-posturi-aflate-in-plata-de-la-796-la-618","status":"publish","type":"post","link":"https:\/\/247stiri.ro\/index.php\/2025\/03\/17\/organigrama-si-regulamentul-de-organizare-si-functionare-aprobat-de-presedintele-interimar-al-senatului-reducem-numarul-de-posturi-aflate-in-plata-de-la-796-la-618\/","title":{"rendered":"Organigrama \u0219i Regulamentul de organizare \u015fi func\u0163ionare, aprobat de pre\u015fedintele interimar al Senatului: \u201dReducem num\u0103rul de posturi aflate \u00een plat\u0103 de la 796 la 618\u201d"},"content":{"rendered":"<p>\u201dAst\u0103zi, conducerea Senatului a aprobat dou\u0103 documente esen\u0163iale, \u00een linie cu reorganizarea institu\u0163iei: \u015ftatul de func\u0163ii \u015fi\u00a0Regulamentul de organizare \u015fi func\u0163ionare al serviciilor Senatului. \u00cen perioada urm\u0103toare vor fi organizate concursuri corecte, iar mesajul este unul clar: profesioni\u015ftii din Senat, nu pu\u0163ini la num\u0103r, vor continua s\u0103 munceasc\u0103 aici\u201d, a scris, luni, pe Facebook, Mircea Abrudean.<\/p>\n<p>Potrivit acestuia, \u201dreforma este un act de responsabilitate fa\u0163\u0103 de cheltuirea banului public \u015fi de respect pentru cet\u0103\u0163eni\u201d.<\/p>\n<p>\u201dReducem num\u0103rul de posturi aflate \u00een plat\u0103 de la 796 la 618, a\u015fa cum ne-am angajat c\u0103 vom face, cu obiectivul clar de a optimiza structura pentru a asigura un Senat mai eficient \u015fi adaptat realit\u0103\u0163ilor actuale\u201d, a mai transmis pre\u015fedintele interimar al Senatului.<\/p>\n<p>S\u0103pt\u0103m\u00e2na trecut\u0103, sindicatele func\u0163ionarilor publici \u015fi personalului contractual din Senat au transmis c\u0103 noul Regulament de organizare \u015fi func\u0163ionare a serviciilor institu\u0163iei a fost \u201dimpus\u201d, f\u0103r\u0103 consultare, de conducerea Senatului.<\/p>","protected":false},"excerpt":{"rendered":"<p>\u201dAst\u0103zi, conducerea Senatului a aprobat dou\u0103 documente esen\u0163iale, \u00een linie cu reorganizarea institu\u0163iei: \u015ftatul de&hellip;<\/p>\n","protected":false},"author":0,"featured_media":40156,"comment_status":"open","ping_status":"open","sticky":false,"template":"","format":"standard","meta":{"footnotes":""},"categories":[2],"tags":[],"class_list":["post-40165","post","type-post","status-publish","format-standard","has-post-thumbnail","hentry","category-actual"],"_links":{"self":[{"href":"https:\/\/247stiri.ro\/index.php\/wp-json\/wp\/v2\/posts\/40165","targetHints":{"allow":["GET"]}}],"collection":[{"href":"https:\/\/247stiri.ro\/index.php\/wp-json\/wp\/v2\/posts"}],"about":[{"href":"https:\/\/247stiri.ro\/index.php\/wp-json\/wp\/v2\/types\/post"}],"replies":[{"embeddable":true,"href":"https:\/\/247stiri.ro\/index.php\/wp-json\/wp\/v2\/comments?post=40165"}],"version-history":[{"count":0,"href":"https:\/\/247stiri.ro\/index.php\/wp-json\/wp\/v2\/posts\/40165\/revisions"}],"wp:featuredmedia":[{"embeddable":true,"href":"https:\/\/247stiri.ro\/index.php\/wp-json\/wp\/v2\/media\/40156"}],"wp:attachment":[{"href":"https:\/\/247stiri.ro\/index.php\/wp-json\/wp\/v2\/media?parent=40165"}],"wp:term":[{"taxonomy":"category","embeddable":true,"href":"https:\/\/247stiri.ro\/index.php\/wp-json\/wp\/v2\/categories?post=40165"},{"taxonomy":"post_tag","embeddable":true,"href":"https:\/\/247stiri.ro\/index.php\/wp-json\/wp\/v2\/tags?post=40165"}],"curies":[{"name":"wp","href":"https:\/\/api.w.org\/{rel}","templated":true}]}}