{"id":40169,"date":"2025-03-17T14:44:52","date_gmt":"2025-03-17T14:44:52","guid":{"rendered":"https:\/\/247stiri.ro\/index.php\/2025\/03\/17\/vesti-proaste-pentru-bucuresteni-sute-de-blocuri-raman-fara-apa-calda-si-caldura-din-cauza-lucrarilor-de-reparatie-la-reteaua-termica\/"},"modified":"2025-03-17T14:44:52","modified_gmt":"2025-03-17T14:44:52","slug":"vesti-proaste-pentru-bucuresteni-sute-de-blocuri-raman-fara-apa-calda-si-caldura-din-cauza-lucrarilor-de-reparatie-la-reteaua-termica","status":"publish","type":"post","link":"https:\/\/247stiri.ro\/index.php\/2025\/03\/17\/vesti-proaste-pentru-bucuresteni-sute-de-blocuri-raman-fara-apa-calda-si-caldura-din-cauza-lucrarilor-de-reparatie-la-reteaua-termica\/","title":{"rendered":"Ve\u0219ti proaste pentru bucure\u0219teni: sute de blocuri r\u0103m\u00e2n f\u0103r\u0103 ap\u0103 cald\u0103 \u0219i c\u0103ldur\u0103 din cauza lucr\u0103rilor de repara\u021bie la re\u021beaua termic\u0103"},"content":{"rendered":"<p>Zonele afectate \u0219i durata lucr\u0103rilor:<\/p>\n<p>Sector 1: <a href=\"https:\/\/www.realitatea.net\/stiri\/actual\/mai-multe-zone-din-capitala-fara-apa-calda-si-caldura-termoenergetica-anunta-lucrari-de-reparatii-urgente-si-de-durata-zonele-vizate_67ceb54ecb067f43530590d2\" target=\"_blank\">Repara\u021bii la conducta principal\u0103<\/a> din zona Bulevardului Ion Mihalache. Lucr\u0103rile vor avea loc \u00eentre 17 martie, ora 08:00, \u0219i 21 martie, ora 23:00, \u00eens\u0103 f\u0103r\u0103 a afecta consumatorii.<\/p>\n<p>Sector 2: \u00cen zona Bulevardului Lacul Tei, lucr\u0103rile vor impune oprirea furniz\u0103rii agentului termic la 42 de blocuri \u0219i o unitate industrial\u0103. Interven\u021bia va avea loc \u00eentre 17 martie, ora 09:00, \u0219i 19 martie, ora 23:00.<\/p>\n<p>Sector 3: \u00cen zona Splaiul Unirii \u0219i Bulevardul Unirii, repara\u021biile la conductele principale vor afecta 75 de blocuri \u0219i un agent economic. Lucr\u0103rile sunt programate \u00eentre 17 martie \u0219i 21 martie.<\/p>\n<p>Sector 4: Interven\u021bii pe str\u0103zile Secerei \u0219i C\u0103r\u0103ruia, dar \u0219i pe Calea V\u0103c\u0103re\u0219ti, unde 150 de blocuri vor r\u0103m\u00e2ne f\u0103r\u0103 ap\u0103 cald\u0103 \u0219i c\u0103ldur\u0103 \u00eentre 17 \u0219i 21 martie.<\/p>\n<p>Sector 6: Pe Bulevardul 1 Mai, lucr\u0103rile vor impune oprirea furniz\u0103rii agentului termic pentru 53 de blocuri, \u00een perioada 17 martie \u2013 18 martie.<\/p>\n<p>Reprezentan\u021bii Termoenergetica au declarat c\u0103 echipele de interven\u021bie lucreaz\u0103 \u00een regim permanent pentru solu\u021bionarea problemelor \u0219i c\u0103 finalizarea lucr\u0103rilor depinde de gradul de deteriorare al conductelor. De asemenea, termenele de repunere \u00een func\u021biune sunt estimative, put\u00e2nd fi modificate \u00een func\u021bie de complexitatea repara\u021biilor.<\/p>\n<p><a href=\"https:\/\/www.realitatea.net\/stiri\/actual\/peste-700-de-blocuri-din-bucuresti-raman-fara-apa-calda-si-caldura_67c5732c4620e2275b5cb1a2\" target=\"_blank\">Clien\u021bii pot ob\u021bine informa\u021bii actualizate<\/a> prin intermediul aplica\u021biei Termoalert sau apel\u00e2nd numerele de telefon 031.9442 \u0219i 0800.820.002. Compania \u00ee\u0219i cere scuze pentru disconfortul creat \u0219i asigur\u0103 c\u0103 aceste lucr\u0103ri sunt esen\u021biale pentru buna func\u021bionare a sistemului de termoficare pe termen lung.<\/p>\n<p>\u00a0<\/p>","protected":false},"excerpt":{"rendered":"<p>Zonele afectate \u0219i durata lucr\u0103rilor: Sector 1: Repara\u021bii la conducta principal\u0103 din zona Bulevardului Ion&hellip;<\/p>\n","protected":false},"author":0,"featured_media":40170,"comment_status":"open","ping_status":"open","sticky":false,"template":"","format":"standard","meta":{"footnotes":""},"categories":[2],"tags":[],"class_list":["post-40169","post","type-post","status-publish","format-standard","has-post-thumbnail","hentry","category-actual"],"_links":{"self":[{"href":"https:\/\/247stiri.ro\/index.php\/wp-json\/wp\/v2\/posts\/40169","targetHints":{"allow":["GET"]}}],"collection":[{"href":"https:\/\/247stiri.ro\/index.php\/wp-json\/wp\/v2\/posts"}],"about":[{"href":"https:\/\/247stiri.ro\/index.php\/wp-json\/wp\/v2\/types\/post"}],"replies":[{"embeddable":true,"href":"https:\/\/247stiri.ro\/index.php\/wp-json\/wp\/v2\/comments?post=40169"}],"version-history":[{"count":0,"href":"https:\/\/247stiri.ro\/index.php\/wp-json\/wp\/v2\/posts\/40169\/revisions"}],"wp:featuredmedia":[{"embeddable":true,"href":"https:\/\/247stiri.ro\/index.php\/wp-json\/wp\/v2\/media\/40170"}],"wp:attachment":[{"href":"https:\/\/247stiri.ro\/index.php\/wp-json\/wp\/v2\/media?parent=40169"}],"wp:term":[{"taxonomy":"category","embeddable":true,"href":"https:\/\/247stiri.ro\/index.php\/wp-json\/wp\/v2\/categories?post=40169"},{"taxonomy":"post_tag","embeddable":true,"href":"https:\/\/247stiri.ro\/index.php\/wp-json\/wp\/v2\/tags?post=40169"}],"curies":[{"name":"wp","href":"https:\/\/api.w.org\/{rel}","templated":true}]}}