{"id":40171,"date":"2025-03-17T14:44:52","date_gmt":"2025-03-17T14:44:52","guid":{"rendered":"https:\/\/247stiri.ro\/index.php\/2025\/03\/17\/barbat-prins-la-vama-cu-20-de-kilograme-de-canabis-in-geanta-marfa-urma-sa-fie-vanduta-in-bucuresti\/"},"modified":"2025-03-17T14:44:52","modified_gmt":"2025-03-17T14:44:52","slug":"barbat-prins-la-vama-cu-20-de-kilograme-de-canabis-in-geanta-marfa-urma-sa-fie-vanduta-in-bucuresti","status":"publish","type":"post","link":"https:\/\/247stiri.ro\/index.php\/2025\/03\/17\/barbat-prins-la-vama-cu-20-de-kilograme-de-canabis-in-geanta-marfa-urma-sa-fie-vanduta-in-bucuresti\/","title":{"rendered":"B\u0103rbat prins la vam\u0103 cu 20 de kilograme de canabis \u00een geant\u0103. Marfa urma s\u0103 fie v\u00e2ndut\u0103 \u00een Bucure\u0219ti"},"content":{"rendered":"<p>Potrivit DIICOT, la data de 16 martie 2025, procurorii Direc\u0163iei de Investigare a Infrac\u0163iunilor de Criminalitate Organizat\u0103 \u015fi Terorism &#8211; Serviciul Teritorial Oradea au dispus re\u0163inerea unui inculpat, \u00een v\u00e2rst\u0103 de 29 de ani, cercetat pentru trafic intern de droguri de risc \u015fi trafic interna\u0163ional de droguri de risc.M\u0103sura a fost luat\u0103 dup\u0103 ce inculpatul, pasager al unei curse de transport interna\u0163ional, a fost prins \u00een flagrant \u00een timp ce a introdus pe teritoriul Rom\u00e2niei, prin P.T.F. N\u0103dlac, cantitatea de aproximativ 18 kilograme de canabis (drog de risc), destinat\u0103 livr\u0103rii \u00een Bucure\u015fti.Substan\u0163a interzis\u0103, ambalat\u0103 \u00een 15 pachete din folie de plastic, a fost g\u0103sit\u0103 ascuns\u0103 \u00een bagajul inculpatului, printre diverse obiecte personale.\u00cen aceea\u015fi zi, judec\u0103torul de drepturi \u015fi libert\u0103\u0163i din cadrul Tribunalului Bihor a dispus arestarea preventiv\u0103 a inculpatului, pentru o perioad\u0103 de 30 de zile.Activit\u0103\u0163ile de urm\u0103rire penal\u0103 au fost realizate \u00eempreun\u0103 cu poli\u0163i\u015fti din cadrul Brig\u0103zii de Combatere a Criminalit\u0103\u0163ii Organizate Oradea.<\/p>\n<p>\u00a0\u00a0<\/p>","protected":false},"excerpt":{"rendered":"<p>Potrivit DIICOT, la data de 16 martie 2025, procurorii Direc\u0163iei de Investigare a Infrac\u0163iunilor de&hellip;<\/p>\n","protected":false},"author":0,"featured_media":40172,"comment_status":"open","ping_status":"open","sticky":false,"template":"","format":"standard","meta":{"footnotes":""},"categories":[2],"tags":[],"class_list":["post-40171","post","type-post","status-publish","format-standard","has-post-thumbnail","hentry","category-actual"],"_links":{"self":[{"href":"https:\/\/247stiri.ro\/index.php\/wp-json\/wp\/v2\/posts\/40171","targetHints":{"allow":["GET"]}}],"collection":[{"href":"https:\/\/247stiri.ro\/index.php\/wp-json\/wp\/v2\/posts"}],"about":[{"href":"https:\/\/247stiri.ro\/index.php\/wp-json\/wp\/v2\/types\/post"}],"replies":[{"embeddable":true,"href":"https:\/\/247stiri.ro\/index.php\/wp-json\/wp\/v2\/comments?post=40171"}],"version-history":[{"count":0,"href":"https:\/\/247stiri.ro\/index.php\/wp-json\/wp\/v2\/posts\/40171\/revisions"}],"wp:featuredmedia":[{"embeddable":true,"href":"https:\/\/247stiri.ro\/index.php\/wp-json\/wp\/v2\/media\/40172"}],"wp:attachment":[{"href":"https:\/\/247stiri.ro\/index.php\/wp-json\/wp\/v2\/media?parent=40171"}],"wp:term":[{"taxonomy":"category","embeddable":true,"href":"https:\/\/247stiri.ro\/index.php\/wp-json\/wp\/v2\/categories?post=40171"},{"taxonomy":"post_tag","embeddable":true,"href":"https:\/\/247stiri.ro\/index.php\/wp-json\/wp\/v2\/tags?post=40171"}],"curies":[{"name":"wp","href":"https:\/\/api.w.org\/{rel}","templated":true}]}}