{"id":40181,"date":"2025-03-17T15:45:23","date_gmt":"2025-03-17T15:45:23","guid":{"rendered":"https:\/\/247stiri.ro\/index.php\/2025\/03\/17\/clipe-de-cosmar-intr-un-tramvai-din-iasi-un-individ-aflat-sub-influenta-alcoolului-ameninta-calatorii-cu-un-briceag\/"},"modified":"2025-03-17T15:45:23","modified_gmt":"2025-03-17T15:45:23","slug":"clipe-de-cosmar-intr-un-tramvai-din-iasi-un-individ-aflat-sub-influenta-alcoolului-ameninta-calatorii-cu-un-briceag","status":"publish","type":"post","link":"https:\/\/247stiri.ro\/index.php\/2025\/03\/17\/clipe-de-cosmar-intr-un-tramvai-din-iasi-un-individ-aflat-sub-influenta-alcoolului-ameninta-calatorii-cu-un-briceag\/","title":{"rendered":"Clipe de co\u0219mar \u00eentr-un tramvai din Ia\u0219i. Un individ aflat sub influen\u021ba alcoolului amenin\u021ba c\u0103l\u0103torii cu un briceag"},"content":{"rendered":"<p>Incidentul halucinant s-a petrecut duminic\u0103 dup\u0103-amiaz\u0103, \u00een zona Pia\u021ba Unirii, din municipiul Ia\u0219i. Potrivit martorilor, b\u0103rbatul de 64 de ani a urcat \u00een <a href=\"https:\/\/www.realitatea.net\/stiri\/social\/controlor-stb-batut-mar-intrun-tramvai-barbatul-a-ajuns-la-spital-cu-nasul-fracturat_67d82d96e4183a287f5083b2\" target=\"_blank\">tramvai<\/a> \u0219i s-a enervat atunci c\u00e2nd o fat\u0103 de 16 ani i-a spus s\u0103 se \u00eendep\u0103rteze de ea.<\/p>\n<p>\u00cen acel moment, individul a scos un briceag \u0219i a \u00eenceput s\u0103 amenin\u021be c\u0103l\u0103torii care se aflau \u00een mijlocul de transport \u00een comun. \u00cen ciuda amenin\u021b\u0103rilor b\u0103rbatului, adolescenta de 16 ani nu s-a pierdut cu firea \u0219i a sunat la 112.\u00a0<\/p>\n<p>La scurt timp, o patrul\u0103 a Poli\u021biei Locale a oprit tramvaiul \u0219i l-a prins pe agresorul, care a fost amendat cu 300 de lei pentru tulburarea ordinii publice.<\/p>\n<p>Ulterior, individul a fost transportat la Institutul de Psihiatrie Socola pentru expertiz\u0103 medical\u0103. \u00cen urma acestui incident, niciun c\u0103l\u0103tor din tramvai nu a depus pl\u00e2ngere la Poli\u021bie.<\/p>\n<p>Acest incident vine la doar dou\u0103 zile dup\u0103 ce un \u0219ofer de autobuz din Ia\u0219i a fost b\u0103tut de un c\u0103l\u0103tor aflat \u00een stare de ebrietate. Victima \u00eei ceruse agresorului s\u0103 coboare din autobuz dup\u0103 ce acesta a bruscat un alt c\u0103l\u0103tor.<\/p>\n<p>\u00cen cele din urm\u0103, scandalagiul a fost amendat cu 2.000 de lei \u0219i dus la psihiatrie pentru expertiz\u0103.<\/p>","protected":false},"excerpt":{"rendered":"<p>Incidentul halucinant s-a petrecut duminic\u0103 dup\u0103-amiaz\u0103, \u00een zona Pia\u021ba Unirii, din municipiul Ia\u0219i. Potrivit martorilor,&hellip;<\/p>\n","protected":false},"author":0,"featured_media":40182,"comment_status":"open","ping_status":"open","sticky":false,"template":"","format":"standard","meta":{"footnotes":""},"categories":[2],"tags":[],"class_list":["post-40181","post","type-post","status-publish","format-standard","has-post-thumbnail","hentry","category-actual"],"_links":{"self":[{"href":"https:\/\/247stiri.ro\/index.php\/wp-json\/wp\/v2\/posts\/40181","targetHints":{"allow":["GET"]}}],"collection":[{"href":"https:\/\/247stiri.ro\/index.php\/wp-json\/wp\/v2\/posts"}],"about":[{"href":"https:\/\/247stiri.ro\/index.php\/wp-json\/wp\/v2\/types\/post"}],"replies":[{"embeddable":true,"href":"https:\/\/247stiri.ro\/index.php\/wp-json\/wp\/v2\/comments?post=40181"}],"version-history":[{"count":0,"href":"https:\/\/247stiri.ro\/index.php\/wp-json\/wp\/v2\/posts\/40181\/revisions"}],"wp:featuredmedia":[{"embeddable":true,"href":"https:\/\/247stiri.ro\/index.php\/wp-json\/wp\/v2\/media\/40182"}],"wp:attachment":[{"href":"https:\/\/247stiri.ro\/index.php\/wp-json\/wp\/v2\/media?parent=40181"}],"wp:term":[{"taxonomy":"category","embeddable":true,"href":"https:\/\/247stiri.ro\/index.php\/wp-json\/wp\/v2\/categories?post=40181"},{"taxonomy":"post_tag","embeddable":true,"href":"https:\/\/247stiri.ro\/index.php\/wp-json\/wp\/v2\/tags?post=40181"}],"curies":[{"name":"wp","href":"https:\/\/api.w.org\/{rel}","templated":true}]}}