{"id":40187,"date":"2025-03-17T15:45:27","date_gmt":"2025-03-17T15:45:27","guid":{"rendered":"https:\/\/247stiri.ro\/index.php\/2025\/03\/17\/decizie-radicala-angajatii-unei-primarii-in-frunte-cu-edilul-vor-intra-in-concediu-fortat-fara-plata\/"},"modified":"2025-03-17T15:45:27","modified_gmt":"2025-03-17T15:45:27","slug":"decizie-radicala-angajatii-unei-primarii-in-frunte-cu-edilul-vor-intra-in-concediu-fortat-fara-plata","status":"publish","type":"post","link":"https:\/\/247stiri.ro\/index.php\/2025\/03\/17\/decizie-radicala-angajatii-unei-primarii-in-frunte-cu-edilul-vor-intra-in-concediu-fortat-fara-plata\/","title":{"rendered":"Decizie radical\u0103. Angaja\u021bii unei prim\u0103rii, \u00een frunte cu edilul, vor intra \u00een concediu for\u021bat f\u0103r\u0103 plat\u0103"},"content":{"rendered":"<p>Variantele care au mai fost luate \u00een calcul au fost disponibiliz\u0103rile sau t\u0103ierea din salarii, dar angaja\u021bii au preferat s\u0103 stea, prin rota\u021bie, o lun\u0103 \u00een concediu f\u0103r\u0103 plat\u0103.Primarul Vasile Pav\u0103l a declarat\u00a0c\u0103 bugetul alocat de Ministerul Finan\u021belor Publice pentru cheltuielile legate de func\u021bionare este de 800.000 de lei, \u00een condi\u021biile \u00een care necesarul dep\u0103\u0219e\u0219te dou\u0103 milioane de lei.\u201e\u00cen 2020, bugetul pe care l-am primit era de \u0219ase milioane de lei. De atunci, tot a sc\u0103zut, iar anul acesta am primit 800.000 de lei. Cu ace\u0219ti bani abia pl\u0103tim doar salariile celor de la Direc\u021bia de Eviden\u021b\u0103 a Persoanei, dar mai avem \u0219i C\u0103minul de b\u0103tr\u00e2ni, Direc\u021bia de Asisten\u021b\u0103 Social\u0103 \u0219i prim\u0103ria. Le-am explicat angaja\u021bilor situa\u021bia \u0219i au acceptat s\u0103 intre \u00een concediu f\u0103r\u0103 plat\u0103 timp de o lun\u0103, prin rota\u021bie\u201d, a spus Vasile Pav\u0103l.Edilul a precizat c\u0103 va intra \u0219i el o lun\u0103 \u00een concediu f\u0103r\u0103 plat\u0103, dup\u0103 ce a renun\u021bat, deja, din anii trecu\u021bi, la o parte din sporul acordat pentru proiectele cu finan\u021bare european\u0103, tot din lips\u0103 de fonduri.El a ad\u0103ugat c\u0103, \u00een ciuda acestor m\u0103suri, banii nu ajung pentru a pl\u0103ti integral salariile anul acesta.\u201eFacem o economie de circa 600.000 de lei, dar tot mai avem nevoie de minim 800.000 de lei. Sper c\u0103 va fi o rectificare pozitiv\u0103, pentru c\u0103 altfel ne bloc\u0103m de tot. Ar trebui pu\u021bin mai mult\u0103 aten\u021bie de la minister, atunci c\u00e2nd se face repartizarea bugetelor\u201d, a subliniat Vasile Pav\u0103l.Prim\u0103ria Roznov are, \u00een total, aproximativ 70 angaja\u021bi, incluz\u00e2nd C\u0103minul pentru b\u0103tr\u00e2ni \u0219i Direc\u021bia de Eviden\u021b\u0103 a persoanei, aceste institu\u021bii deservind locuitorii din nou\u0103 comune adiacente.<\/p>","protected":false},"excerpt":{"rendered":"<p>Variantele care au mai fost luate \u00een calcul au fost disponibiliz\u0103rile sau t\u0103ierea din salarii,&hellip;<\/p>\n","protected":false},"author":0,"featured_media":40188,"comment_status":"open","ping_status":"open","sticky":false,"template":"","format":"standard","meta":{"footnotes":""},"categories":[2],"tags":[],"class_list":["post-40187","post","type-post","status-publish","format-standard","has-post-thumbnail","hentry","category-actual"],"_links":{"self":[{"href":"https:\/\/247stiri.ro\/index.php\/wp-json\/wp\/v2\/posts\/40187","targetHints":{"allow":["GET"]}}],"collection":[{"href":"https:\/\/247stiri.ro\/index.php\/wp-json\/wp\/v2\/posts"}],"about":[{"href":"https:\/\/247stiri.ro\/index.php\/wp-json\/wp\/v2\/types\/post"}],"replies":[{"embeddable":true,"href":"https:\/\/247stiri.ro\/index.php\/wp-json\/wp\/v2\/comments?post=40187"}],"version-history":[{"count":0,"href":"https:\/\/247stiri.ro\/index.php\/wp-json\/wp\/v2\/posts\/40187\/revisions"}],"wp:featuredmedia":[{"embeddable":true,"href":"https:\/\/247stiri.ro\/index.php\/wp-json\/wp\/v2\/media\/40188"}],"wp:attachment":[{"href":"https:\/\/247stiri.ro\/index.php\/wp-json\/wp\/v2\/media?parent=40187"}],"wp:term":[{"taxonomy":"category","embeddable":true,"href":"https:\/\/247stiri.ro\/index.php\/wp-json\/wp\/v2\/categories?post=40187"},{"taxonomy":"post_tag","embeddable":true,"href":"https:\/\/247stiri.ro\/index.php\/wp-json\/wp\/v2\/tags?post=40187"}],"curies":[{"name":"wp","href":"https:\/\/api.w.org\/{rel}","templated":true}]}}