{"id":40198,"date":"2025-03-17T16:44:50","date_gmt":"2025-03-17T16:44:50","guid":{"rendered":"https:\/\/247stiri.ro\/index.php\/2025\/03\/17\/gafa-monumentala-au-tinut-un-minut-de-reculegere-pentru-un-fost-jucator-al-clubului-desi-acesta-inca-este-in-viata\/"},"modified":"2025-03-17T16:44:50","modified_gmt":"2025-03-17T16:44:50","slug":"gafa-monumentala-au-tinut-un-minut-de-reculegere-pentru-un-fost-jucator-al-clubului-desi-acesta-inca-este-in-viata","status":"publish","type":"post","link":"https:\/\/247stiri.ro\/index.php\/2025\/03\/17\/gafa-monumentala-au-tinut-un-minut-de-reculegere-pentru-un-fost-jucator-al-clubului-desi-acesta-inca-este-in-viata\/","title":{"rendered":"Gaf\u0103 monumental\u0103! Au \u021binut un minut de reculegere, pentru un fost juc\u0103tor al clubului, de\u0219i acesta \u00eenc\u0103 este \u00een via\u021b\u0103!"},"content":{"rendered":"<p>Clubul bulgar Arda Kardjali a \u0163inut un minut de reculegere pentru unul dintre fo\u015ftii s\u0103i juc\u0103tori, pe care \u00eel credeau decedat, dar care \u00eenc\u0103 este \u00een via\u0163\u0103.<\/p>\n<p>Arda Kardjali a \u00eenfruntat Levski Sofia \u00een etapa a 25-a a primei divizii bulgare. \u00cenainte de \u00eenceperea meciului, cei 22 de juc\u0103tori s-au adunat \u00een jurul cercului central pentru un minut de reculegere \u00een semn de omagiu pentru Petko Ganchev, fost juc\u0103tor al clubului Arda, \u00een v\u00e2rst\u0103 de 25 de ani.<\/p>\n<p>Cu toate acestea, conduc\u0103torii clubului au aflat \u00een timpul meciului c\u0103, contrar a ceea ce credeau, Petko Ganchev este \u00een via\u0163\u0103, este bine \u015fi s\u0103n\u0103tos.\u00a0<\/p>\n<p>Clubul, locul 5 \u00een campionat, \u015fi-a cerut scuze \u00eentr-o declara\u0163ie postat\u0103 pe re\u0163elele de socializare: \u201eConducerea dore\u015fte s\u0103 \u00ee\u015fi cear\u0103 scuze fostului juc\u0103tor \u015fi familiei acestuia dup\u0103 ce a difuzat informa\u0163ii false despre moartea sa. \u00cei dorim mul\u0163i ani de fericire \u015fi s\u0103n\u0103tate \u015fi s\u0103 continue s\u0103 se bucure de succesul echipei Arda\u201d.<\/p>\n<p>\u00a0<\/p>","protected":false},"excerpt":{"rendered":"<p>Clubul bulgar Arda Kardjali a \u0163inut un minut de reculegere pentru unul dintre fo\u015ftii s\u0103i&hellip;<\/p>\n","protected":false},"author":0,"featured_media":40192,"comment_status":"open","ping_status":"open","sticky":false,"template":"","format":"standard","meta":{"footnotes":""},"categories":[2],"tags":[],"class_list":["post-40198","post","type-post","status-publish","format-standard","has-post-thumbnail","hentry","category-actual"],"_links":{"self":[{"href":"https:\/\/247stiri.ro\/index.php\/wp-json\/wp\/v2\/posts\/40198","targetHints":{"allow":["GET"]}}],"collection":[{"href":"https:\/\/247stiri.ro\/index.php\/wp-json\/wp\/v2\/posts"}],"about":[{"href":"https:\/\/247stiri.ro\/index.php\/wp-json\/wp\/v2\/types\/post"}],"replies":[{"embeddable":true,"href":"https:\/\/247stiri.ro\/index.php\/wp-json\/wp\/v2\/comments?post=40198"}],"version-history":[{"count":0,"href":"https:\/\/247stiri.ro\/index.php\/wp-json\/wp\/v2\/posts\/40198\/revisions"}],"wp:featuredmedia":[{"embeddable":true,"href":"https:\/\/247stiri.ro\/index.php\/wp-json\/wp\/v2\/media\/40192"}],"wp:attachment":[{"href":"https:\/\/247stiri.ro\/index.php\/wp-json\/wp\/v2\/media?parent=40198"}],"wp:term":[{"taxonomy":"category","embeddable":true,"href":"https:\/\/247stiri.ro\/index.php\/wp-json\/wp\/v2\/categories?post=40198"},{"taxonomy":"post_tag","embeddable":true,"href":"https:\/\/247stiri.ro\/index.php\/wp-json\/wp\/v2\/tags?post=40198"}],"curies":[{"name":"wp","href":"https:\/\/api.w.org\/{rel}","templated":true}]}}