{"id":40202,"date":"2025-03-17T16:44:51","date_gmt":"2025-03-17T16:44:51","guid":{"rendered":"https:\/\/247stiri.ro\/index.php\/2025\/03\/17\/decizia-radicala-ungaria-a-plafonat-preturile-la-alimentele-de-baza\/"},"modified":"2025-03-17T16:44:51","modified_gmt":"2025-03-17T16:44:51","slug":"decizia-radicala-ungaria-a-plafonat-preturile-la-alimentele-de-baza","status":"publish","type":"post","link":"https:\/\/247stiri.ro\/index.php\/2025\/03\/17\/decizia-radicala-ungaria-a-plafonat-preturile-la-alimentele-de-baza\/","title":{"rendered":"Decizia radical\u0103. Ungaria a plafonat pre\u021burile la alimentele de baz\u0103"},"content":{"rendered":"<p>M\u0103surile anun\u0163ate de premierul ungar Viktor Orban, viz\u00e2nd plafonarea marjei de profit a comercian\u0163ilor la o serie de alimente de baz\u0103, au intrat luni \u00een vigoare, ceea ce ar putea reduce pre\u021burile la 30 de produse, informeaz\u0103\u00a0<a href=\"https:\/\/hirado.hu\/belfold\/cikk\/2025\/03\/17\/eletbe-lep-az-arresstop-ennel-a-harminc-elelmiszernel-varhato-arcsokkenes\">hirado.hu<\/a><\/p>\n<p>M\u0103sura intr\u0103 \u00een vigoare \u00een contextul \u00een care Ungaria a \u00eenregistrat cea mai ridicat\u0103 infla\u0163ie din Uniunea European\u0103, ceea ce ar putea s\u0103 \u00eei afecteze \u015fansele lui Orban la alegerile din 2026, transmite Reuters, preluat\u0103 de Agerpres.<\/p>\n<p>\u00cencep\u00e2nd cu 18 martie, comercian\u021bii cu am\u0103nuntul nu vor avea voie s\u0103 perceap\u0103 taxe mai mari de 10% la treizeci de produse alimentare de baz\u0103. Scopul restric\u021biilor de pre\u021b este de a limita cre\u0219terea speculativ\u0103 a pre\u021burilor \u0219i de a reduce infla\u021bia alimentar\u0103. Cele mai afectate produse sunt carnea, produsele lactate, f\u0103ina, zah\u0103rul \u0219i ou\u0103le.<\/p>\n<p>Gama de produse afectate acoper\u0103 sute de articole, ca \u00een cazul sm\u00e2nt\u00e2nii proaspete, unde reglement\u0103rile se aplic\u0103 nu doar unei anumite m\u0103rci, ci tuturor variet\u0103\u021bilor, scrie hirado.hu.<\/p>","protected":false},"excerpt":{"rendered":"<p>M\u0103surile anun\u0163ate de premierul ungar Viktor Orban, viz\u00e2nd plafonarea marjei de profit a comercian\u0163ilor la&hellip;<\/p>\n","protected":false},"author":0,"featured_media":40195,"comment_status":"open","ping_status":"open","sticky":false,"template":"","format":"standard","meta":{"footnotes":""},"categories":[2],"tags":[],"class_list":["post-40202","post","type-post","status-publish","format-standard","has-post-thumbnail","hentry","category-actual"],"_links":{"self":[{"href":"https:\/\/247stiri.ro\/index.php\/wp-json\/wp\/v2\/posts\/40202","targetHints":{"allow":["GET"]}}],"collection":[{"href":"https:\/\/247stiri.ro\/index.php\/wp-json\/wp\/v2\/posts"}],"about":[{"href":"https:\/\/247stiri.ro\/index.php\/wp-json\/wp\/v2\/types\/post"}],"replies":[{"embeddable":true,"href":"https:\/\/247stiri.ro\/index.php\/wp-json\/wp\/v2\/comments?post=40202"}],"version-history":[{"count":0,"href":"https:\/\/247stiri.ro\/index.php\/wp-json\/wp\/v2\/posts\/40202\/revisions"}],"wp:featuredmedia":[{"embeddable":true,"href":"https:\/\/247stiri.ro\/index.php\/wp-json\/wp\/v2\/media\/40195"}],"wp:attachment":[{"href":"https:\/\/247stiri.ro\/index.php\/wp-json\/wp\/v2\/media?parent=40202"}],"wp:term":[{"taxonomy":"category","embeddable":true,"href":"https:\/\/247stiri.ro\/index.php\/wp-json\/wp\/v2\/categories?post=40202"},{"taxonomy":"post_tag","embeddable":true,"href":"https:\/\/247stiri.ro\/index.php\/wp-json\/wp\/v2\/tags?post=40202"}],"curies":[{"name":"wp","href":"https:\/\/api.w.org\/{rel}","templated":true}]}}