{"id":40205,"date":"2025-03-17T17:44:49","date_gmt":"2025-03-17T17:44:49","guid":{"rendered":"https:\/\/247stiri.ro\/index.php\/2025\/03\/17\/nicusor-dan-prins-pe-picior-gresit-primaria-capitalei-amenda-de-sute-de-mii-de-lei-de-la-garda-de-mediu-registrul-spatiilor-verzi-si-planul-de-calitate-a-aerului-neelaborate\/"},"modified":"2025-03-17T17:44:49","modified_gmt":"2025-03-17T17:44:49","slug":"nicusor-dan-prins-pe-picior-gresit-primaria-capitalei-amenda-de-sute-de-mii-de-lei-de-la-garda-de-mediu-registrul-spatiilor-verzi-si-planul-de-calitate-a-aerului-neelaborate","status":"publish","type":"post","link":"https:\/\/247stiri.ro\/index.php\/2025\/03\/17\/nicusor-dan-prins-pe-picior-gresit-primaria-capitalei-amenda-de-sute-de-mii-de-lei-de-la-garda-de-mediu-registrul-spatiilor-verzi-si-planul-de-calitate-a-aerului-neelaborate\/","title":{"rendered":"Nicu\u0219or Dan, prins pe picior gre\u0219it! Prim\u0103ria Capitalei, amend\u0103 de sute de mii de lei de la Garda de Mediu: Registrul Spa\u0163iilor Verzi \u0219i Planul de calitate a aerului, neelaborate"},"content":{"rendered":"<p>\u00cen plus, nu au fost planta\u0163i copaci pe terenurile degradate, nu au fost cump\u0103rate 22 de troleibuze promise \u015fi nu s-au montat 50 de sta\u0163ii de \u00eenc\u0103rcare pentru vehiculele electrice.<\/p>\n<p>\u201d\u00cen urma ac\u0163iunilor repetate de control ale G\u0103rzii Na\u0163ionale de Mediu \u2013 Comisariatul Municipiului Bucure\u015fti, la Prim\u0103ria Capitalei constat\u0103m, concomitent, at\u00e2t ne\u00eendeplinirea m\u0103surilor impuse anterior de c\u0103tre comisarii no\u015ftri, c\u00e2t \u015fi men\u0163inerea unor restan\u0163e majore, \u00een special \u00een zona de calitate a aerului, precum \u015fi de gestiune a spa\u0163iilor verzi. \u00cen urma celei mai recente ac\u0163iuni de control, Garda Na\u0163ional\u0103 de Mediu, inclusiv din motivele amintite, a decis amendarea Prim\u0103riei Capitalei cu 100.000 de lei\u201d, arat\u0103 Garda Na\u0163ional\u0103 de Mediu, luni, \u00eentr-un comunicat de pres\u0103.<\/p>\n<p>Conform sursei citate, Prim\u0103ria Bucure\u015fti nu are \u00eenc\u0103 elaborat Registrul Spa\u0163iilor Verzi, de\u015fi are aceast\u0103 obliga\u0163ie legal\u0103 (24\/2007, O.U.G. nr.195\/2005).<\/p>\n<p>\u201dMai mult dec\u00e2t at\u00e2t, administra\u0163ia nu are nici un audit al suprafe\u0163ei, calit\u0103\u0163ii \u015fi accesibilit\u0103\u0163ii spa\u0163iilor verzi, urmat de elaborarea unei strategii \u015fi a unui plan de ac\u0163iune privind conservarea \u015fi dezvoltarea re\u0163elei de spa\u0163ii verzi. Conform legii, fiecare bucure\u015ftean ar trebui s\u0103 beneficieze de un indice de 26 mp2 spa\u0163iu verde, obliga\u0163ie imposibil de \u00eendeplinit de c\u0103tre PMB \u00een absen\u0163a unui plan. Instituirea registrului spa\u0163iilor verzi este crucial\u0103, pentru c\u0103, \u00een afar\u0103 de cuantificare \u015fi de stabilirea suprafe\u0163elor cu destina\u0163ie obligatorie de spa\u0163iu verde, ofer\u0103 cadrul legal de protec\u0163ie \u015fi de ameliorare a climatului, a calit\u0103\u0163ii aerului \u015fi a protej\u0103rii infrastructurilor func\u0163ionale ale aglomer\u0103rii Bucure\u015fti, inclusiv prin stabilirea unor culoare de protec\u0163ie fa\u0163\u0103 de infrastructura tehnic\u0103 &#8211; planta\u0163ii realizate \u00een lungul c\u0103ilor de circula\u0163ie sau \u00een jurul unor instala\u0163ii cu poten\u0163ial ridicat de poluare\u201d, adaug\u0103 reprezentan\u0163ii G\u0103rzii de Mediu.<\/p>\n<p>\u00cen plus, \u00eentocmirea registrului spa\u0163iilor verzi ofer\u0103 siguran\u0163a c\u0103 terenurile cartate ca fiind spa\u0163ii verzi nu pot fi ocupate de construc\u0163ii provizorii sau permanente.<\/p>\n<p>\u00cen urma raportului prezentat de c\u0103tre PMB cu privire la stadiul de realizare a unor m\u0103suri asumate anterior rezult\u0103, printre altele, c\u0103:<\/p>\n<p>&#8211; nu au fost achizi\u0163ionate 22 de troleibuze \u015fi 7 microbuze \u2013 termen 2024<\/p>\n<p>&#8211; nu au fost montate cele 50 de sta\u0163ii de re\u00eenc\u0103rcare pentru vehiculele electrice \u2013 termen 01.09.2024<\/p>\n<p>&#8211; nu au fost planta\u0163i cei 75.000 de copaci pe terenurile degradate \u2013 termen 2023<\/p>\n<p>&#8211; nu a fost realizat\u0103 \u00een totalitate paji\u015ftea urban\u0103 de 0,8 ha \u2013 termen 2023 (s-au realizat \u00een total 2023 + 2024 = 2.425 mp). 3<\/p>\n<p>&#8211; nu au fost realizate \u00een totalitate \u015fi la termen lucr\u0103rile la tronsonul nr. 1 \u015fi 2 din Proiectul \u201dSupral\u0103rgire Prelungirea Ghencea\u201d \u2013 Termen ianuarie 2024 (nefinalizate p\u00e2n\u0103 la aceast\u0103 dat\u0103).<\/p>","protected":false},"excerpt":{"rendered":"<p>\u00cen plus, nu au fost planta\u0163i copaci pe terenurile degradate, nu au fost cump\u0103rate 22&hellip;<\/p>\n","protected":false},"author":0,"featured_media":40206,"comment_status":"open","ping_status":"open","sticky":false,"template":"","format":"standard","meta":{"footnotes":""},"categories":[2],"tags":[],"class_list":["post-40205","post","type-post","status-publish","format-standard","has-post-thumbnail","hentry","category-actual"],"_links":{"self":[{"href":"https:\/\/247stiri.ro\/index.php\/wp-json\/wp\/v2\/posts\/40205","targetHints":{"allow":["GET"]}}],"collection":[{"href":"https:\/\/247stiri.ro\/index.php\/wp-json\/wp\/v2\/posts"}],"about":[{"href":"https:\/\/247stiri.ro\/index.php\/wp-json\/wp\/v2\/types\/post"}],"replies":[{"embeddable":true,"href":"https:\/\/247stiri.ro\/index.php\/wp-json\/wp\/v2\/comments?post=40205"}],"version-history":[{"count":0,"href":"https:\/\/247stiri.ro\/index.php\/wp-json\/wp\/v2\/posts\/40205\/revisions"}],"wp:featuredmedia":[{"embeddable":true,"href":"https:\/\/247stiri.ro\/index.php\/wp-json\/wp\/v2\/media\/40206"}],"wp:attachment":[{"href":"https:\/\/247stiri.ro\/index.php\/wp-json\/wp\/v2\/media?parent=40205"}],"wp:term":[{"taxonomy":"category","embeddable":true,"href":"https:\/\/247stiri.ro\/index.php\/wp-json\/wp\/v2\/categories?post=40205"},{"taxonomy":"post_tag","embeddable":true,"href":"https:\/\/247stiri.ro\/index.php\/wp-json\/wp\/v2\/tags?post=40205"}],"curies":[{"name":"wp","href":"https:\/\/api.w.org\/{rel}","templated":true}]}}