{"id":40218,"date":"2025-03-17T18:46:20","date_gmt":"2025-03-17T18:46:20","guid":{"rendered":"https:\/\/247stiri.ro\/index.php\/2025\/03\/17\/conor-mcgregor-s-a-intalnit-cu-donald-trump-la-casa-alba-luptatorul-ufc-discutii-despre-imigratia-ilegala-din-irlanda\/"},"modified":"2025-03-17T18:46:20","modified_gmt":"2025-03-17T18:46:20","slug":"conor-mcgregor-s-a-intalnit-cu-donald-trump-la-casa-alba-luptatorul-ufc-discutii-despre-imigratia-ilegala-din-irlanda","status":"publish","type":"post","link":"https:\/\/247stiri.ro\/index.php\/2025\/03\/17\/conor-mcgregor-s-a-intalnit-cu-donald-trump-la-casa-alba-luptatorul-ufc-discutii-despre-imigratia-ilegala-din-irlanda\/","title":{"rendered":"Conor McGregor s-a \u00eent\u00e2lnit cu Donald Trump la Casa Alb\u0103. Lupt\u0103torul UFC, discu\u021bii despre imigra\u0163ia ilegal\u0103 din Irlanda"},"content":{"rendered":"<p>Sportivul \u00een v\u00e2rst\u0103 de 36 de ani a ap\u0103rut \u00een sala de \u015fedin\u0163e a Casei Albe \u00een timpul vizitei sale la Washington DC de Ziua Sf\u00e2ntului Patrick \u015fi urmeaz\u0103 s\u0103 se \u00eent\u00e2lneasc\u0103 cu pre\u015fedintele SUA.<\/p>\n<p>El a declarat reporterilor c\u0103 viziteaz\u0103 Casa Alb\u0103 pentru \u201ea ridica problemele cu care se confrunt\u0103 poporul irlandez\u201d.<\/p>\n<p>\u201eCeea ce se \u00eent\u00e2mpl\u0103 \u00een Irlanda este o fars\u0103\u201d, a spus el. \u201eGuvernul nostru este un guvern al ac\u0163iunii zero cu responsabilitate zero\u201d.McGregor a avertizat c\u0103 \u201eIrlanda este pe punctul de a-\u015fi pierde identitatea\u201d din cauza \u201erahatului imigra\u0163iei ilegale\u201d.El a ad\u0103ugat c\u0103 dore\u015fte s\u0103 \u00eenve\u0163e \u015fi s\u0103 \u00eel asculte pe pre\u015fedintele Donald Trump, a c\u0103rui etic\u0103 a muncii a numit-o \u201einspiratoare\u201d.\u201eIrlanda \u015fi America, noi suntem \u00eenfr\u0103\u0163i\u0163i. Noi consider\u0103m America fratele nostru mai mare. A\u015fadar, este important ca Irlanda s\u0103 fie o \u0163ar\u0103 pa\u015fnic\u0103 \u015fi prosper\u0103 pentru ca 40 de milioane de irlandezi americani s\u0103 aib\u0103 un loc de vizitat, [s\u0103] se \u00eentoarc\u0103 la ei acas\u0103. A\u015fadar, ne dorim ca rela\u0163ia noastr\u0103 cu Statele Unite s\u0103 continue \u015fi dorim s\u0103 avem grij\u0103 de fratele mai mare. Statele Unite ar trebui s\u0103 aib\u0103 grij\u0103 de fratele lor mai mic. \u015ei asta este ceea ce sim\u0163im\u201d, a spus McGregor.<\/p>","protected":false},"excerpt":{"rendered":"<p>Sportivul \u00een v\u00e2rst\u0103 de 36 de ani a ap\u0103rut \u00een sala de \u015fedin\u0163e a Casei&hellip;<\/p>\n","protected":false},"author":0,"featured_media":40211,"comment_status":"open","ping_status":"open","sticky":false,"template":"","format":"standard","meta":{"footnotes":""},"categories":[2],"tags":[],"class_list":["post-40218","post","type-post","status-publish","format-standard","has-post-thumbnail","hentry","category-actual"],"_links":{"self":[{"href":"https:\/\/247stiri.ro\/index.php\/wp-json\/wp\/v2\/posts\/40218","targetHints":{"allow":["GET"]}}],"collection":[{"href":"https:\/\/247stiri.ro\/index.php\/wp-json\/wp\/v2\/posts"}],"about":[{"href":"https:\/\/247stiri.ro\/index.php\/wp-json\/wp\/v2\/types\/post"}],"replies":[{"embeddable":true,"href":"https:\/\/247stiri.ro\/index.php\/wp-json\/wp\/v2\/comments?post=40218"}],"version-history":[{"count":0,"href":"https:\/\/247stiri.ro\/index.php\/wp-json\/wp\/v2\/posts\/40218\/revisions"}],"wp:featuredmedia":[{"embeddable":true,"href":"https:\/\/247stiri.ro\/index.php\/wp-json\/wp\/v2\/media\/40211"}],"wp:attachment":[{"href":"https:\/\/247stiri.ro\/index.php\/wp-json\/wp\/v2\/media?parent=40218"}],"wp:term":[{"taxonomy":"category","embeddable":true,"href":"https:\/\/247stiri.ro\/index.php\/wp-json\/wp\/v2\/categories?post=40218"},{"taxonomy":"post_tag","embeddable":true,"href":"https:\/\/247stiri.ro\/index.php\/wp-json\/wp\/v2\/tags?post=40218"}],"curies":[{"name":"wp","href":"https:\/\/api.w.org\/{rel}","templated":true}]}}