{"id":40221,"date":"2025-03-17T18:46:22","date_gmt":"2025-03-17T18:46:22","guid":{"rendered":"https:\/\/247stiri.ro\/index.php\/2025\/03\/17\/un-europarlamentar-croat-critica-anularea-alegerilor-si-il-sustine-pe-george-simion-video\/"},"modified":"2025-03-17T18:46:22","modified_gmt":"2025-03-17T18:46:22","slug":"un-europarlamentar-croat-critica-anularea-alegerilor-si-il-sustine-pe-george-simion-video","status":"publish","type":"post","link":"https:\/\/247stiri.ro\/index.php\/2025\/03\/17\/un-europarlamentar-croat-critica-anularea-alegerilor-si-il-sustine-pe-george-simion-video\/","title":{"rendered":"Un europarlamentar croat critic\u0103 anularea alegerilor \u0219i \u00eel sus\u021bine pe George Simion VIDEO"},"content":{"rendered":"<p>\u201eTrebuie spus deschis c\u0103 ceea ce se \u00eent\u00e2mpl\u0103 \u00een Rom\u00e2nia este scandaloas\u0103, ce fel de democra\u021bie este aceea dac\u0103 doar anumi\u021bi candida\u021bi care sunt favoriza\u021bi de elitele de la Bruxelles sunt l\u0103sa\u021bi s\u0103 c\u00e2\u0219tige, deci aceasta nu este democra\u021bie. Am v\u0103zut declara\u021bii ale fostului comisar francez Breton care justific\u0103 ceea ce au f\u0103cut instan\u021bele rom\u00e2ne\u0219ti \u0219i au cerut, iar alte \u021b\u0103ri vor face acela\u0219i lucru dac\u0103 partea gre\u0219it\u0103 va c\u00e2\u0219tiga. Deci exist\u0103 o mare ipocrizie \u00een Europa, se vorbe\u0219te mult despre drepturile omului, democra\u021bie, dar \u00een realitate nu sunt capabili s\u0103 le pun\u0103 \u00een practic\u0103. Sper c\u0103 tensiunile din Rom\u00e2nia se vor calma, astfel \u00eenc\u00e2t colegul meu Simion, pe care \u00eel cunosc foarte bine \u0219i \u00eei sus\u021bin candidatura, va reu\u0219i p\u00e2n\u0103 la urm\u0103. Rom\u00e2nia are nevoie de un pre\u0219edinte suveran \u0219i cred c\u0103 \u00een final se \u00eendreapt\u0103 \u00een acea direc\u021bie, iar ceea ce s-a \u00eent\u00e2mplat cu Georgescu \u00eel consider o mare nedreptate\u201d, a spus europarlamentarul croat.<\/p>\n<p>Rumunjskoj treba suverenisti\u010dki predsjednik i zato podr\u017eavam kandidaturu <a href=\"https:\/\/twitter.com\/georgesimion?ref_src=twsrc%5Etfw\">@georgesimion<\/a> \ud83c\udded\ud83c\uddf7\ud83e\udd1d\ud83c\udffc\ud83c\uddf7\ud83c\uddf4Kakva je to demokracija ako samo odre\u0111eni kandidati koji su po volji &#8222;elitama&#8221; u Bruxellesu smiju pobje\u0111ivati?Vidjeli smo izjavu biv\u0161eg povjerenika Bretona koji opravdava ovo \u0161to je\u2026 <a href=\"https:\/\/t.co\/5L8gYsE9zC\">pic.twitter.com\/5L8gYsE9zC<\/a><\/p>\n<p>\u2014 Stephen Nikola Bartulica (@StjepoBartulica) <a href=\"https:\/\/twitter.com\/StjepoBartulica\/status\/1901671116092899630?ref_src=twsrc%5Etfw\">March 17, 2025<\/a><\/p>","protected":false},"excerpt":{"rendered":"<p>\u201eTrebuie spus deschis c\u0103 ceea ce se \u00eent\u00e2mpl\u0103 \u00een Rom\u00e2nia este scandaloas\u0103, ce fel de&hellip;<\/p>\n","protected":false},"author":0,"featured_media":40214,"comment_status":"open","ping_status":"open","sticky":false,"template":"","format":"standard","meta":{"footnotes":""},"categories":[2],"tags":[],"class_list":["post-40221","post","type-post","status-publish","format-standard","has-post-thumbnail","hentry","category-actual"],"_links":{"self":[{"href":"https:\/\/247stiri.ro\/index.php\/wp-json\/wp\/v2\/posts\/40221","targetHints":{"allow":["GET"]}}],"collection":[{"href":"https:\/\/247stiri.ro\/index.php\/wp-json\/wp\/v2\/posts"}],"about":[{"href":"https:\/\/247stiri.ro\/index.php\/wp-json\/wp\/v2\/types\/post"}],"replies":[{"embeddable":true,"href":"https:\/\/247stiri.ro\/index.php\/wp-json\/wp\/v2\/comments?post=40221"}],"version-history":[{"count":0,"href":"https:\/\/247stiri.ro\/index.php\/wp-json\/wp\/v2\/posts\/40221\/revisions"}],"wp:featuredmedia":[{"embeddable":true,"href":"https:\/\/247stiri.ro\/index.php\/wp-json\/wp\/v2\/media\/40214"}],"wp:attachment":[{"href":"https:\/\/247stiri.ro\/index.php\/wp-json\/wp\/v2\/media?parent=40221"}],"wp:term":[{"taxonomy":"category","embeddable":true,"href":"https:\/\/247stiri.ro\/index.php\/wp-json\/wp\/v2\/categories?post=40221"},{"taxonomy":"post_tag","embeddable":true,"href":"https:\/\/247stiri.ro\/index.php\/wp-json\/wp\/v2\/tags?post=40221"}],"curies":[{"name":"wp","href":"https:\/\/api.w.org\/{rel}","templated":true}]}}