{"id":40226,"date":"2025-03-17T19:44:53","date_gmt":"2025-03-17T19:44:53","guid":{"rendered":"https:\/\/247stiri.ro\/index.php\/2025\/03\/17\/liderul-suveranistilor-romani-in-direct-la-televiziunea-poporului-george-simion-contracandidatii-mei-sunt-ciorbe-reincalzite-live\/"},"modified":"2025-03-17T19:44:53","modified_gmt":"2025-03-17T19:44:53","slug":"liderul-suveranistilor-romani-in-direct-la-televiziunea-poporului-george-simion-contracandidatii-mei-sunt-ciorbe-reincalzite-live","status":"publish","type":"post","link":"https:\/\/247stiri.ro\/index.php\/2025\/03\/17\/liderul-suveranistilor-romani-in-direct-la-televiziunea-poporului-george-simion-contracandidatii-mei-sunt-ciorbe-reincalzite-live\/","title":{"rendered":"Liderul suverani\u0219tilor rom\u00e2ni, \u00een direct la televiziunea poporului. George Simion: \u201eContracandida\u021bii mei sunt ciorbe re\u00eenc\u0103lzite\u201d LIVE"},"content":{"rendered":"<p>\u00a0<\/p>\n\n<p>UPDATE Vrem s\u0103 ne aducem c\u00e2t mai repede conduc\u0103torul, C\u0103lin Georgescu, \u00een fruntea o\u0219tirii.<\/p>\n<p>UPDATE Ca \u0219i candida\u021bii lor, banii de la nunta mea este un subiect ciorb\u0103 re\u00eenc\u0103lzit\u0103. Nu \u0219tiu ce va mai inventa sistemul. Banii de la nunt\u0103 am fost obliga\u021bi sa i trecem. Este vorba de absolut tot ceea ce am primit. Am primit \u0219i berbecu\u021bi, dar s-au m\u00e2ncat, de\u0219i i-am trecut. Am uitat s\u0103 indic cei 50.000 de euro, i am completat ulterior. E \u00een termen legal. E vorba de banii din campania de la preziden\u021biale.\u00a0<\/p>\n<p>UPDATE Eu nu am creat niciodat\u0103 probleme \u00een Republica Moldova. Eu am luptat pentru reunificarea pa\u0219nic, pentru a \u00eendrepta ceea ce Stalin \u0219i Hitler au rup. Prutul este un r\u00e2u intern al Rom\u00e2niei.<\/p>\n<p>UPDATE Vom lupta pentru democra\u021bie \u0219i demnitate \u0219i ne vom asigura c\u0103 domnul Georgescu va avea locul \u00een conducerea statului rom\u00e2n. Sunt dispus s\u0103 ofer programul nostru, dar \u0219i hran\u0103, ap\u0103, energie. Iat\u0103 c\u0103 gazele naturale nu sunt folosite pentru noi, avem proiecte hidro care zac \u0219 nu produc, avem mine \u00eenchise. Avem pensionari batjocori\u021bi NU putem continua a\u0219a.<\/p>\n<p>UPDATE Programul nostru electoral e revenirea la normalitate \u0219i democra\u021bie. \u00centr-o campanie normal\u0103 putem prezenta programul AUR \u0219i hran\u0103, ap\u0103 energie. Dar acum suntem \u00eentr-o situa\u021bie extraordinar\u0103, deci trebuie s\u0103 revenim la democra\u021bie \u0219i normalitate ca Rom\u00e2nia s\u0103 nu devieze. Sunt mul\u021bi care vor s\u0103 creeze haos \u00een Rom\u00e2nia. Noi vrem s\u0103 ne bucur\u0103m de prosperitatea l\u0103sat\u0103 de Dumnezeu.<\/p>\n<p>UPDATE Strategia o facem cu C\u0103lin Georgescu, \u0219tim ce trebuie f\u0103cut pentru rom\u00e2nii din Diaspora. Mul\u021bi dintre rom\u00e2nii din afara \u021b\u0103rii au venit \u00een Rom\u00e2nia ca s\u0103 protesteze. Oric\u00e2t de bine primi\u021bi erau rom\u00e2nii \u00een str\u0103in\u0103tate, nu se sim\u021beau \u00een largul lor. Sprijinul diasporei ne onoreaz\u0103, \u00een\u021belegem ce avem de f\u0103cut. Pe 13 aprilie aveam planificat\u0103 o conferin\u021b\u0103 pentru diaspora la Viena. Suntem mereu al\u0103turi de cei 6 milioane de rom\u00e2ni de peste hotare. Avem jum\u0103tate din popula\u021bia activ\u0103 plecat\u0103 peste hotare, iar \u0103sta e un sistem. NU vom face afi\u0219e mari \u0219i milioane de euro pe publicitate. Cel mai mare atu al nostru sunt oamenii.\u00a0<\/p>\n<p>UPDATE Nu \u00eemi jignesc contracandida\u021bii, este Postul Pa\u0219telui. Pe Funeriu \u00eel respect, oameni care au f\u0103cut ceva, dar \u00een marea lor majoritate e vorba de ciorbe re\u00eenc\u0103lzite. Am v\u0103zut ce au f\u0103cut, sunt r\u0103sufla\u021bi. Eu sunt un lider nou, proasp\u0103t, ambi\u021bios, sunt cu totul altceva fa\u021b\u0103 de ei \u0219i voi p\u0103stra aceea\u0219i linie.\u00a0<\/p>\n<p>UPDATE Eu sunt aici s\u0103 i conving \u0219i pe al\u021bii s\u0103 asculte vocea poporului.<\/p>\n<p>UPDATE Sunt mul\u021bi care nu cred p\u00e2n\u0103 nu v\u0103d. De 5 ani dac\u0103 ascultam to\u021bi nemul\u021bumi\u021bii&#8230;Eu am analizat exact comentariile. Datoria mea e s\u0103 anun\u021b \u0219i vor vedeam cei care nu cred. Pe 26 martie e ziua lui Georgescu, la ini\u021biativa multor cet\u0103\u021beni se va ie\u0219i \u00een stad\u0103. Este o manifestare pentru un om care a generat trezirea \u00een con\u0219tiin\u021b\u0103.<\/p>\n<p>UPDATE Nu sunt ageamiu, nu sunt pe post de Nicu\u0219or Dan, s\u0103-mi deturneze partidul. AUR va duce Rom\u00e2nia pe calea spre normalitate spiritual\u0103 \u0219i material\u0103. Cred c\u0103 am reu\u0219it s\u0103 facem minuni politice, au venit \u0219i oameni providen\u021biale, precum C\u0103lin Georgescu, care a provocat trezirea \u00een con\u0219tiin\u021b\u0103. De aceea, toate vocile din AUR care au \u00eencercat s\u0103 ne sape rela\u021bia cu Georgescu sunt acum \u00een afara AUR. AUR r\u0103m\u00e2ne doar cu oameni loiali, nu cei care caut\u0103 doar beneficii.\u00a0<\/p>\n<p>UPDATE Am avut presiuni multe din partea lui Gigi Becali, dar eu nu am r\u0103spuns la atacuri. Viitoru, nostru \u00eentr-o construc\u021bie politic\u0103 este diferit. Nu m\u0103 voi reg\u0103si \u00een acela\u0219i partid cu Becali. Unii spun c\u0103 s prea bl\u00e2nd, al\u021bii c\u0103-s prea autoritar. E clar c\u0103 drumurile noastre politice nu mai converg.<\/p>\n<p>UPDATE Noi ducem un r\u0103zboi pentru aducerea \u00eenapoi a voin\u021bei poporului rom\u00e2n po\u021bi face diferi\u021bi pa\u0219i tactici. Ceea ce \u00eensemna reintrarea \u00een democra\u021bie, \u00eensemn\u0103 reluarea Turul 2 sau intrarea lui \u00een alegerile din mai. Nu am reintrat \u00een circuitul democratic.. Sarcina mea este aceasta.<\/p>\n<p>UPDATE Sper\u0103m s\u0103 devenim p\u0103rin\u021bi pentru a doua oar\u0103.<\/p>\n<p>UPDATE Am f\u0103cut o echip\u0103 \u0219i m\u0103 bucur de ea. Nu este vorba de nicio retragere a doamnei Gavril\u0103. Suntem parteneri egali, am ascultat bine ce avem de f\u0103cut. Suntem parteneri egali at\u00e2t ca politicieni, dar \u0219i ca femeie \u0219i b\u0103rbat, pentru c\u0103 am fost martori la ni\u0219te declara\u021bii misogine.<\/p>\n<p>UPDATE M-a luat prin surprindere nominalizarea mea, am fost \u00een Polonia, am vorbit cu fostul premier, eram cu el \u00een Var\u0219ovia \u0219i i-am spus c\u0103 nu candidez. Am avut \u00eencredere \u00een planul lui Georgescu \u0219i \u00eei rog pe rom\u00e2ni s\u0103 nu \u00ee\u0219i piard\u0103 speran\u021ba s\u0103 nu uite de domnul Georgescu.<\/p>\n<p>UPDATE Cerem observatori interna\u021bionali pentru ca drepturile tuturor candida\u021bilor s\u0103 fie respectate. Rom\u00e2nii din Diaspora nu vor putea vota ca \u0219i noi, p\u00e2n\u0103 la ora 21. \u00cempotriva candidaturii noastre a votat vicepre\u0219edintele BEC omul numit de UDMR. Domnul Bolojan trebuie s\u0103 explice ce vrea s\u0103 fac\u0103. \u00cen\u021belegem din coridoarele puterii c\u0103 preg\u0103tesc fraud\u0103ri masive \u0219i prin softul de la STAT. Am \u00eencredere \u00een institu\u021biile statului. E normal s\u0103 participe observatori interna\u021bionali. PE 18 mai am \u00eengrijor\u0103ri, sunt alegeri \u0219i \u00een Portugalia \u0219i Polonia.\u00a0<\/p>\n<p>UPDATE Ceea ce fac acum e agreat cu domnul Georgescu al\u0103turi de doamna Gavril\u0103. Nu fac acum dezv\u0103luiri, urmeaz\u0103 surprize pl\u0103cute. Sistemul va primi un \u0219ah mat. \u00cei rog pe rom\u00e2nii care au ie\u0219it \u00een strad\u0103, cei care au semnat \u0219i mers la vot, peste 3 milioane de rom\u00e2ni..<\/p>\n<p>UPDATE 21:03 &#8211; S-a trezit poporul rom\u00e2n, nu mai poate fi min\u021bit. Nu cred c\u0103 atacurile la adresa mea s-au oprit vreodat\u0103.<\/p>\n<p>UPDATE 21 01 &#8211; Ne dorim pace. Este exclus ca solda\u021bi rom\u00e2ni s\u0103 ajung\u0103 \u00een Ucraina. Trump a promis c\u0103 face pace \u00een Orientul Mijlociu \u0219i \u00een Ucraina. Noi am pierdut teritorii, dar nu trebuie s\u0103 ne implic\u0103m \u00een niciun r\u0103zboi. Trebuie s\u0103 r\u0103m\u00e2nem \u00een alian\u021ba defensiv\u0103. Iar dac\u0103 Rom\u00e2nia ajunge s\u0103 fie condus\u0103 de patrio\u021bi, nu vom fi implica\u021bi militar.\u00a0\u00a0<\/p>\n<p>UPDATE 21:00 7 milioane de oameni au votat \u00een primul tur.<\/p>\n<p>Liderul AUR are und\u0103 verde pentru Cotroceni<\/p>\n<p>Contesta\u021biile depuse la Curtea Constitu\u021bional\u0103 \u00eempotriva lui George Simion au fost respinse de judec\u0103tori. Oricum, cei 9 magistra\u021bi i-au dat und\u0103 verde liderului suverani\u0219tilor s\u0103 candideze.<\/p>","protected":false},"excerpt":{"rendered":"<p>\u00a0 UPDATE Vrem s\u0103 ne aducem c\u00e2t mai repede conduc\u0103torul, C\u0103lin Georgescu, \u00een fruntea o\u0219tirii.&hellip;<\/p>\n","protected":false},"author":0,"featured_media":40225,"comment_status":"open","ping_status":"open","sticky":false,"template":"","format":"standard","meta":{"footnotes":""},"categories":[2],"tags":[],"class_list":["post-40226","post","type-post","status-publish","format-standard","has-post-thumbnail","hentry","category-actual"],"_links":{"self":[{"href":"https:\/\/247stiri.ro\/index.php\/wp-json\/wp\/v2\/posts\/40226","targetHints":{"allow":["GET"]}}],"collection":[{"href":"https:\/\/247stiri.ro\/index.php\/wp-json\/wp\/v2\/posts"}],"about":[{"href":"https:\/\/247stiri.ro\/index.php\/wp-json\/wp\/v2\/types\/post"}],"replies":[{"embeddable":true,"href":"https:\/\/247stiri.ro\/index.php\/wp-json\/wp\/v2\/comments?post=40226"}],"version-history":[{"count":0,"href":"https:\/\/247stiri.ro\/index.php\/wp-json\/wp\/v2\/posts\/40226\/revisions"}],"wp:featuredmedia":[{"embeddable":true,"href":"https:\/\/247stiri.ro\/index.php\/wp-json\/wp\/v2\/media\/40225"}],"wp:attachment":[{"href":"https:\/\/247stiri.ro\/index.php\/wp-json\/wp\/v2\/media?parent=40226"}],"wp:term":[{"taxonomy":"category","embeddable":true,"href":"https:\/\/247stiri.ro\/index.php\/wp-json\/wp\/v2\/categories?post=40226"},{"taxonomy":"post_tag","embeddable":true,"href":"https:\/\/247stiri.ro\/index.php\/wp-json\/wp\/v2\/tags?post=40226"}],"curies":[{"name":"wp","href":"https:\/\/api.w.org\/{rel}","templated":true}]}}