{"id":4024,"date":"2024-11-03T08:57:11","date_gmt":"2024-11-03T08:57:11","guid":{"rendered":"https:\/\/247stiri.ro\/index.php\/2024\/11\/03\/george-simion-alaturi-de-romanii-sinistrati-din-valencia-spania\/"},"modified":"2024-11-03T08:57:11","modified_gmt":"2024-11-03T08:57:11","slug":"george-simion-alaturi-de-romanii-sinistrati-din-valencia-spania","status":"publish","type":"post","link":"https:\/\/247stiri.ro\/index.php\/2024\/11\/03\/george-simion-alaturi-de-romanii-sinistrati-din-valencia-spania\/","title":{"rendered":"George Simion, al\u0103turi de rom\u00e2nii sinistra\u021bi din Valencia (Spania)"},"content":{"rendered":"<p>Rom\u00e2nii reprezint\u0103 cea mai mare comunitate str\u0103in\u0103 din zona Valencia. George Simion a mers chiar \u00een mijlocul sinistra\u021bilor, \u00een Comunidad Valenciana, acolo unde oamenii simt c\u0103 pre\u0219edintele \u021b\u0103rii, Klaus Werner Iohannis, i-a uitat dup\u0103 ce i-a folosit la alegerile din 2014 \u0219i 2019.\u00a0<\/p>\n<p><a href=\"https:\/\/www.realitatea.net\/stiri\/politica\/george-simion-despre-dosarul-penal-dupa-reparatiile-de-la-pechea-iam-speriat-vor-sa-ne-elimine-apeul-lansat-romanilor_6721f8786df2cb219a05d2f2\" target=\"_blank\" rel=\"noopener\">Pre\u0219edintele AUR<\/a> a fost \u00eenconjurat de rom\u00e2nii sinistra\u021bi, care i-au \u00eemp\u0103rt\u0103\u0219it clipele de co\u0219mar pe care le-au tr\u0103it, dar \u0219i cum au fost afecta\u021bi de fenomenele meteorologice extreme.\u00a0<\/p>\n\n<p>\u00a0 \u00a0George Simion este al\u0103turi de rom\u00e2nii afecta\u021bi de inunda\u021biile din Spania \/ Sursa foto &#8211; Arhiv\u0103<\/p>\n<p>\u201eAce\u0219ti oameni au nevoie, \u00een primul \u0219i \u00een primul r\u00e2nd, de o vorb\u0103 bun\u0103. Au venit foarte mul\u021bi voluntari spanioli care s-au mobilizat ast\u0103zi. Dar, s\u0103 \u0219ti\u021bi c\u0103 \u0219i rom\u00e2nii, la evenimentul la care am fost la Madrid, \u00eempreun\u0103 cu omologii no\u0219tri din European Conservatives and Reformists, cu Alvise Perez, au donat. O solidaritate absolut impresionant\u0103 din partea spaniolilor, care, la fel cum am f\u0103cut \u0219i noi la Pechea, la Slobozia Conachi \u0219i \u00een alte localit\u0103\u021bi din Gala\u021bi, au venit s\u0103 fie al\u0103turi de sinistra\u021bi. Sigur c\u0103 \u0219i aici sunt probleme legate de lipsa infrastructurii, de incompeten\u021b\u0103, de corup\u021bie. Au fost multe acuza\u021bii la adresa guvernului Sanchez. (&#8230;) Vreau s\u0103 mul\u021bumesc tuturor voluntarilor care au dat dovad\u0103 c\u0103 sunt oameni extraordinari. Vreau s\u0103 mul\u021bumesc rom\u00e2nilor minuna\u021bi din Spania care s-au mobilizat\u201d, a spus pre\u0219edintele AUR din mijlocul rom\u00e2nilor din Comunidad Valenciana.<\/p>\n<p>Acesta a precizat c\u0103 la Madrid, acolo unde a organizat al\u0103turi de Alvise Perez, liderul Se Acab\u00f3 La Fiesta, un eveniment caritabil pentru sinistra\u021bii afecta\u021bi de inunda\u021bii, foarte mul\u021bi rom\u00e2ni au adus pachete, au adus ajutoare. \u00cen schimb, George Simion a subliniat c\u0103 vedem ni\u0219te autorit\u0103\u021bi indolente din Rom\u00e2nia care i-au uitat pe ace\u0219ti oameni \u00een noroi, afirm\u00e2nd c\u0103, cei disp\u0103ru\u021bi nici m\u0103car nu sunt c\u0103uta\u021bi.<\/p>\n<p>\u201eNu \u0219tiu unde este Klaus Werner Iohannis. P\u00e2n\u0103 acum nu l-am v\u0103zut cu vreo reac\u021bie public\u0103. Am v\u0103zut c\u0103 nu ia ap\u0103rarea nici rom\u00e2nilor sinistra\u021bi de la Pechea, din Gala\u021bi. Nu mai vorbim de cei care sunt la 3.000 de kilometri distan\u021b\u0103, \u00een Spania. Nu mai vorbim de rom\u00e2nii care l-au votat din diaspora \u0219i ast\u0103zi \u00eei abandoneaz\u0103. Nu \u0219tiu unde este Werner, nu \u0219tiu unde este guvernul lui Werner\u201d, a declarat George Simion, \u00een cadrul unei interven\u021bii la un post de televiziune.\u00a0<\/p>\n\n<p>\u00a0 \u00a0 \u00a0 \u00a0 \u00a0 \u00a0 George Simion \u00eei ajut\u0103 pe rom\u00e2nii afecta\u021bi de inunda\u021bii \/ Sursa foto &#8211; Arhiv\u0103<\/p>\n<p>Liderul AUR l-a acuzat pe Klaus Iohannis c\u0103 s-a folosit de rom\u00e2nii din diaspora, de rom\u00e2nii care l-au votat sper\u00e2nd c\u0103 se va face un lucru bine f\u0103cut, nem\u021besc.\u00a0<\/p>\n<p>\u201eAst\u0103zi \u00eel vedem c\u0103 d\u0103 30.000 de euro pe o noapte de cazare la Paris, vedem c\u0103 are solicit\u0103ri speciale pentru toalete de 30.000 de lei. \u0218i vedem c\u0103 \u00eentr-o campanie electoral\u0103 &#8211; \u0219i mi-au zis rom\u00e2nii de aici, din Spania, campania electoral\u0103 ar trebui s\u0103 fie despre lucruri concrete, despre cum protej\u0103m agricultorii din Rom\u00e2nia, despre cum am fost \u00eenchi\u0219i \u00een case \u00een timpul pandemiei \u0219i multe alte lucruri care privesc libert\u0103\u021bile \u0219i drepturile cet\u0103\u021bene\u0219ti, care privesc bun\u0103starea rom\u00e2nilor &#8211; ast\u0103zi discut\u0103m despre casa din Aviatorilor 86 \u0219i despre celelalte case de\u021binute de statul rom\u00e2n prin RA-APPS, unde rom\u00e2nii, vor ei, nu vor, investesc milioane de euro. Asta este sfidarea lui Klaus Werner Iohannis fa\u021b\u0103 de poporul rom\u00e2n, un popor care l-a \u021binut \u00eentr-o func\u021bie pe care nu o merita timp de 10 ani, un popor poate prea bl\u00e2nd, poate prea iert\u0103tor. Rezultatul mandatelor lui Klaus Werner Iohannis, Traian B\u0103sescu \u0219i ce al\u021bi conduc\u0103tori am mai avut, e aici, \u00een spatele meu. Sunt rom\u00e2ni care muncesc din greu, \u00een agricultur\u0103, \u00een construc\u021bii\u201d, a mai spus George Simion.<\/p>\n\n<p>\u00a0 \u00a0 \u00a0Liderul AUR le sare \u00een ajutor rom\u00e2nilor de peste hotare \/ Sursa foto &#8211; Arhiv\u0103<\/p>\n<p>Totodat\u0103,<a href=\"https:\/\/www.realitatea.net\/stiri\/politica\/simion-solicita-retragerea-planului-de-reforma-fiscala-refuz-sa-girez-masuri-care-condamna-romanii-la-saracie_6720a2967fd76a6e105497a5\" target=\"_blank\" rel=\"noopener\"> liderul AUR i-a lansat<\/a> o provocare lui Mircea Geoan\u0103, candidat la alegerile preziden\u021biale, care, dup\u0103 ce AUR a f\u0103cut mai multe anun\u021buri legate de diaspora \u0219i de rom\u00e2nii din Valencia, a reac\u021bionat \u0219i a spus c\u0103 va str\u00e2nge \u0219i el bani pentru rom\u00e2nii sinistra\u021bi.<\/p>\n<p>\u201eChiar \u00eel rog! Poate vinde acele ceasuri primite de la Vanghelie, poate prietenii lui bog\u0103ta\u0219i care \u00eel sus\u021bin, cred eu ilegal, \u0219i sus\u021bin campania, \u0219i ar trebui s\u0103 vedem de unde \u00ee\u0219i finan\u021beaz\u0103 domnul Geoan\u0103 campania, poate ar trebui s\u0103-i sus\u021bin\u0103 pe ace\u0219ti rom\u00e2ni. Am un caz concret: a venit aici \u00een Valencia, este dintr-o localitate, din Algemesi, lucreaz\u0103 \u00een agricultur\u0103, este din Teleorman, \u00eel cheam\u0103 Victor, are 28 de ani \u0219i are doi copii, are un frate. Au lucrat \u00een agricultur\u0103 vara trecut\u0103 \u00een Fran\u021ba, acum au venit aici \u00een Spania. Singura avere pe care o aveau erau dou\u0103 ma\u0219ini, o ma\u0219in\u0103 mic\u0103 ce nu mai poate fi folosit\u0103, a intrat m\u00e2lul \u00een ea, \u0219i o dub\u0103 cu care lucra la cules de portocale \u0219i mandarine aici. A\u0219a c\u0103, domnul Geoan\u0103, uita\u021bi, dac\u0103 \u00eentr-adev\u0103r nu min\u021bi\u021bi cum face\u021bi dumneavoastr\u0103 de obicei, acest t\u00e2n\u0103r are nevoie de o dub\u0103 pe care s\u0103 o foloseasc\u0103 pentru a-\u0219i cre\u0219te familia, copiii\u201d, a spus George Simion.<\/p>\n<p>Acesta a ad\u0103ugat c\u0103 dac\u0103 nu o face Mircea Geoan\u0103, atunci o va face el al\u0103turi de colegii s\u0103i din AUR.<\/p>\n<p>\u00a0\u201eO s\u0103 punem m\u00e2n\u0103 de la m\u00e2n\u0103 \u0219i o s\u0103-i lu\u0103m acestui t\u00e2n\u0103r o dub\u0103\u201d, a continuat liderul AUR.<\/p>\n<p>George Simion a mai declarat c\u0103 trebuie s\u0103 d\u0103m \u0219ansa rom\u00e2nilor s\u0103 tr\u0103iasc\u0103 \u0219i s\u0103 munceasc\u0103 \u00een \u021bara lor, astfel \u00eenc\u00e2t copiii lor s\u0103 nu mai creasc\u0103 prin Spania, prin Italia, prin Anglia, unii dintre ei nemai\u0219tiind s\u0103 vorbeasc\u0103 limba rom\u00e2n\u0103.<\/p>\n<p>\u201eOamenii ace\u0219tia nu au plecat pentru c\u0103 aveau la dispozi\u021bie multe op\u021biuni. Au f\u0103cut-o din cauza s\u0103r\u0103ciei, din cauza faptului c\u0103 nu aveau cu ce s\u0103-\u0219i creasc\u0103 copiii \u0219i sunt al\u0103turi de mine oameni care au inventat \u0219i au brevete de inven\u021bii \u00een Italia. Sunt oameni capabili, oameni a c\u0103ror minte, ale c\u0103ror bra\u021be le puteam folosi s\u0103 cre\u0219tem \u021bara. \u0218i Klaus Werner Iohannis ce a f\u0103cut? Palate dup\u0103 palate, case luate prin fals \u0219i uz de fals\u201d, a ad\u0103ugat George Simion.<\/p>\n\n<p>\u00a0 \u00a0 \u00a0 \u00a0 \u00a0 \u00a0 \u00a0 \u00a0 George Simion, \u00een mijlocul oamenilor afecta\u021bi de viituri \/ Sursa foto &#8211; Arhiv\u0103<\/p>\n<p>Liderul AUR a mers \u00een mijlocul rom\u00e2nilor sinistra\u021bi din Valencia dup\u0103 ce, \u00een urm\u0103 cu o lun\u0103, a \u00eentrerupt campania electoral\u0103 \u0219i a mers \u00een comuna Pechea, din jude\u021bul Gala\u021bi, pentru a veni \u00een sprijinul rom\u00e2nilor afecta\u021bi de inunda\u021bii. \u00cen vreme ce Nicolae Ciuc\u0103 participa la o lansare de program politic, iar principala lui grij\u0103 era AUR, George Simion era al\u0103turi de rom\u00e2nii sinistra\u021bi din Spania, la Madrid, acolo unde str\u00e2ngea ajutoare pentru ace\u0219tia.<\/p>\n<p>CMF: 11240014<\/p>","protected":false},"excerpt":{"rendered":"<p>Rom\u00e2nii reprezint\u0103 cea mai mare comunitate str\u0103in\u0103 din zona Valencia. George Simion a mers chiar&hellip;<\/p>\n","protected":false},"author":0,"featured_media":4005,"comment_status":"open","ping_status":"open","sticky":false,"template":"","format":"standard","meta":{"footnotes":""},"categories":[2],"tags":[],"class_list":["post-4024","post","type-post","status-publish","format-standard","has-post-thumbnail","hentry","category-actual"],"_links":{"self":[{"href":"https:\/\/247stiri.ro\/index.php\/wp-json\/wp\/v2\/posts\/4024","targetHints":{"allow":["GET"]}}],"collection":[{"href":"https:\/\/247stiri.ro\/index.php\/wp-json\/wp\/v2\/posts"}],"about":[{"href":"https:\/\/247stiri.ro\/index.php\/wp-json\/wp\/v2\/types\/post"}],"replies":[{"embeddable":true,"href":"https:\/\/247stiri.ro\/index.php\/wp-json\/wp\/v2\/comments?post=4024"}],"version-history":[{"count":0,"href":"https:\/\/247stiri.ro\/index.php\/wp-json\/wp\/v2\/posts\/4024\/revisions"}],"wp:featuredmedia":[{"embeddable":true,"href":"https:\/\/247stiri.ro\/index.php\/wp-json\/wp\/v2\/media\/4005"}],"wp:attachment":[{"href":"https:\/\/247stiri.ro\/index.php\/wp-json\/wp\/v2\/media?parent=4024"}],"wp:term":[{"taxonomy":"category","embeddable":true,"href":"https:\/\/247stiri.ro\/index.php\/wp-json\/wp\/v2\/categories?post=4024"},{"taxonomy":"post_tag","embeddable":true,"href":"https:\/\/247stiri.ro\/index.php\/wp-json\/wp\/v2\/tags?post=4024"}],"curies":[{"name":"wp","href":"https:\/\/api.w.org\/{rel}","templated":true}]}}