{"id":40243,"date":"2025-03-17T21:45:39","date_gmt":"2025-03-17T21:45:39","guid":{"rendered":"https:\/\/247stiri.ro\/index.php\/2025\/03\/17\/culisele-statului-paralel-cum-au-decis-judecatorii-ccr-candidaturile-la-prezidentiale\/"},"modified":"2025-03-17T21:45:39","modified_gmt":"2025-03-17T21:45:39","slug":"culisele-statului-paralel-cum-au-decis-judecatorii-ccr-candidaturile-la-prezidentiale","status":"publish","type":"post","link":"https:\/\/247stiri.ro\/index.php\/2025\/03\/17\/culisele-statului-paralel-cum-au-decis-judecatorii-ccr-candidaturile-la-prezidentiale\/","title":{"rendered":"CULISELE STATULUI PARALEL. Cum au decis judec\u0103torii CCR candidaturile la preziden\u021biale"},"content":{"rendered":"<p>Jurnalistul Bogdan Tiberiu Iacob de la publica\u021bia Inpolitics remarc\u0103 un fenomen ie\u0219it din comun care s-a petrecut \u00een ultima perioad\u0103 la institu\u021bia devenit\u0103 stat \u00een stat, acolo unde decizii de maxim\u0103 importan\u021b\u0103 s-au luat \u00een unanimitate.<\/p>\n<p>Pe 5 octombrie 2024, CCR a decis eliminarea din cursa preziden\u021bial\u0103 a Dianei \u0218o\u0219oac\u0103, \u00eentr-o premier\u0103 absolut\u0103, pe motiv c\u0103 nu e suficient de ata\u0219at\u0103 de valorile constitu\u021bionale.Persoana care exercit\u0103 aceast\u0103 demnitate, prin comportamentul s\u0103u institu\u021bional \u0219i discursul constitu\u021bional, trebuie s\u0103 demonstreze existen\u021ba respectului \u0219i a ata\u0219amentului s\u0103u la valorile constitu\u021bionale astfel cum acestea transpar din identitatea na\u021bional\u0103 a poporului rom\u00e2n \u0219i identitatea constitu\u021bional\u0103 a statului \u0219i a societ\u0103\u021bii consacrate \u00een Legea fundamental\u0103. Contestarea lor nu poate fi acceptat\u0103, \u00eentruc\u00e2t Pre\u0219edintele Rom\u00e2niei, prin natura func\u021biei sale, reprezint\u0103 un garant al statului de drept \u0219i al democra\u021biei constitu\u021bionale, principii care stau la baza organiz\u0103rii \u0219i func\u021bion\u0103rii statului, au motivat judec\u0103torii care i-au interzis candidatura anul trecut Dianei \u0218o\u0219oac\u0103.Anul trecut, judec\u0103toarea Iulia Sc\u00e2ntei a avut o opinie separat\u0103 \u0219i a argumentat faptul c\u0103 un candidat nu poate s\u0103 fie interzis de Curtea Constitu\u021bional\u0103.Contenciosul electoral privind alegerile preziden\u021biale este un contencios obiectiv \u0219i abstract \u0219i nu poate privi comportamente, discursuri, calific\u0103ri politice sau acte de propagand\u0103 electoral\u0103, specifice unui contencios electoral subiectiv \u0219i concret(\u2026) Jurisdic\u021bia constitu\u021bional\u0103 \u00een materie electoral\u0103 nu realizeaz\u0103 un contencios subiectiv, pentru c\u0103 nu vizeaz\u0103 protec\u021bia unor drepturi subiective ale unor particulari determina\u021bi, motiv pentru care procedura \u00een fa\u021ba Cur\u021bii pentru solu\u021bionarea contesta\u021biilor privind \u00eenregistrarea sau respingerea \u00eenregistr\u0103rii candidaturilor se desf\u0103\u0219oar\u0103 \u00een temeiul dispozi\u021biilor art. 52 din Legea nr. 47\/1992 privind organizarea \u0219i func\u021bionarea Cur\u021bii Constitu\u021bionale \u0219i ale art. 68 alin. (1) din Legea nr. 370\/2004 pentru alegerea Pre\u0219edintelui Rom\u00e2niei, f\u0103r\u0103 \u00een\u0219tiin\u021barea p\u0103r\u021bilor, cu participarea obligatorie a reprezentantului Ministerului Public, pe baza sesiz\u0103rii \u0219i a celorlalte documente aflate la dosar. Atribu\u021bia Cur\u021bii este de a verifica \u00eendeplinirea sau ne\u00eendeplinirea unor condi\u021bii legale obiective (cu titlu de exemplu, respectarea termenului de depunere a propunerii de candidatur\u0103, num\u0103rul minim al semn\u0103turilor sus\u021bin\u0103torilor, documentele care trebuie s\u0103 \u00eenso\u021beasc\u0103 propunerea de candidatur\u0103, eventuale cazuri de interdic\u021bie limitativ prev\u0103zute de Constitu\u021bie \u0219i lege, la depunerea candidaturii). Prin esen\u021ba lor, aceste condi\u021bii nu privesc comportamentul, opiniile, afirma\u021biile sau atitudinile persoanei care \u00ee\u0219i depune candidatura pentru alegerea Pre\u0219edintelui Rom\u00e2niei \u00een condi\u021biile prev\u0103zute de art. 27 din Legea nr. 370\/2004, toate aceste aspecte de natur\u0103 subiectiv\u0103 f\u0103c\u00e2nd parte din sfera libert\u0103\u021bii de exprimare a celor care candideaz\u0103, a notat judec\u0103toarea \u00een opinia separat\u0103.Aceea\u0219i Iuliana Sc\u00e2ntei a votat ulterior anularea alegerilor, decis\u0103 de CCR \u00een unanimitate, iar acum, a votat, tot \u00een cadrul unei unanimit\u0103\u021bi, scoaterea din curs\u0103 a lui C\u0103lin Georgescu, dup\u0103 modelul brevetat cu \u0218o\u0219oac\u0103.\u00a0<\/p>","protected":false},"excerpt":{"rendered":"<p>Jurnalistul Bogdan Tiberiu Iacob de la publica\u021bia Inpolitics remarc\u0103 un fenomen ie\u0219it din comun care&hellip;<\/p>\n","protected":false},"author":0,"featured_media":40244,"comment_status":"open","ping_status":"open","sticky":false,"template":"","format":"standard","meta":{"footnotes":""},"categories":[2],"tags":[],"class_list":["post-40243","post","type-post","status-publish","format-standard","has-post-thumbnail","hentry","category-actual"],"_links":{"self":[{"href":"https:\/\/247stiri.ro\/index.php\/wp-json\/wp\/v2\/posts\/40243","targetHints":{"allow":["GET"]}}],"collection":[{"href":"https:\/\/247stiri.ro\/index.php\/wp-json\/wp\/v2\/posts"}],"about":[{"href":"https:\/\/247stiri.ro\/index.php\/wp-json\/wp\/v2\/types\/post"}],"replies":[{"embeddable":true,"href":"https:\/\/247stiri.ro\/index.php\/wp-json\/wp\/v2\/comments?post=40243"}],"version-history":[{"count":0,"href":"https:\/\/247stiri.ro\/index.php\/wp-json\/wp\/v2\/posts\/40243\/revisions"}],"wp:featuredmedia":[{"embeddable":true,"href":"https:\/\/247stiri.ro\/index.php\/wp-json\/wp\/v2\/media\/40244"}],"wp:attachment":[{"href":"https:\/\/247stiri.ro\/index.php\/wp-json\/wp\/v2\/media?parent=40243"}],"wp:term":[{"taxonomy":"category","embeddable":true,"href":"https:\/\/247stiri.ro\/index.php\/wp-json\/wp\/v2\/categories?post=40243"},{"taxonomy":"post_tag","embeddable":true,"href":"https:\/\/247stiri.ro\/index.php\/wp-json\/wp\/v2\/tags?post=40243"}],"curies":[{"name":"wp","href":"https:\/\/api.w.org\/{rel}","templated":true}]}}