{"id":40247,"date":"2025-03-17T21:45:40","date_gmt":"2025-03-17T21:45:40","guid":{"rendered":"https:\/\/247stiri.ro\/index.php\/2025\/03\/17\/trump-este-optimist-inainte-de-intalnirea-cu-putin-nu-am-fost-niciodata-mai-aproape-de-pace-ca-acum\/"},"modified":"2025-03-17T21:45:40","modified_gmt":"2025-03-17T21:45:40","slug":"trump-este-optimist-inainte-de-intalnirea-cu-putin-nu-am-fost-niciodata-mai-aproape-de-pace-ca-acum","status":"publish","type":"post","link":"https:\/\/247stiri.ro\/index.php\/2025\/03\/17\/trump-este-optimist-inainte-de-intalnirea-cu-putin-nu-am-fost-niciodata-mai-aproape-de-pace-ca-acum\/","title":{"rendered":"Trump este optimist \u00eenainte de \u00eent\u00e2lnirea cu Putin: \u201eNu am fost niciodat\u0103 mai aproape de pace ca acum\u201d"},"content":{"rendered":"<p>\u201eNu am fost niciodat\u0103 mai aproape de pace dec\u00e2t \u00een acest moment. Pre\u0219edintele este hot\u0103r\u00e2t\u201d, a spus Leavitt.<\/p>\n<p>Nu cu mult timp \u00eenainte, Trump a anun\u021bat c\u0103 va discuta mar\u021bi, 18 martie, cu Putin despre un posibil acord de \u00eencetare a focului, men\u021bion\u00e2nd c\u0103 vor aborda subiecte precum \u201ecentralele energetice \u0219i teritoriile\u201d.<\/p>\n<p>\u00centre timp, reprezentan\u021bii americani poart\u0103 negocieri separate cu Rusia \u0219i Ucraina pentru a stabili un acord de \u00eencetare temporar\u0103 a focului. Ambele p\u0103r\u021bi au exprimat deschiderea fa\u021b\u0103 de un astfel de acord, \u00eens\u0103 exist\u0103 \u00eengrijor\u0103ri c\u0103 Rusia ar putea s\u0103 c\u00e2\u0219tige timp \u00een acest proces.<\/p>\n<p>Kaja Kallas, \u0219efa diploma\u021biei UE, a subliniat c\u0103 europenii nu au \u00eencredere \u00een Putin \u0219i pun la \u00eendoial\u0103 bunele inten\u021bii ale acestuia.<\/p>\n<p>Conflictul a \u00eenceput pe 22 februarie 2022, c\u00e2nd Rusia a invadat Ucraina. Acest r\u0103zboi a dus deja la moartea a c\u00e2teva sute de mii de oameni.<\/p>\n<p>Kremlinul a anun\u021bat luni, 17 martie, despre planurile de a organiza o discu\u021bie telefonic\u0103 mar\u021bi, 18 martie, \u00eentre pre\u0219edintele rus, Vladimir Putin, \u0219i pre\u0219edintele american, Donald Trump, conform EFE \u0219i Reuters.<\/p>\n<p>&#8222;Da, chiar a\u015fa este. O astfel de conversa\u0163ie este preg\u0103tit\u0103 pentru mar\u0163i&#8221;, a declarat purt\u0103torul de cuv\u00e2nt al Kremlinului, Dmitri Peskov.<\/p>","protected":false},"excerpt":{"rendered":"<p>\u201eNu am fost niciodat\u0103 mai aproape de pace dec\u00e2t \u00een acest moment. Pre\u0219edintele este hot\u0103r\u00e2t\u201d,&hellip;<\/p>\n","protected":false},"author":0,"featured_media":40239,"comment_status":"open","ping_status":"open","sticky":false,"template":"","format":"standard","meta":{"footnotes":""},"categories":[2],"tags":[],"class_list":["post-40247","post","type-post","status-publish","format-standard","has-post-thumbnail","hentry","category-actual"],"_links":{"self":[{"href":"https:\/\/247stiri.ro\/index.php\/wp-json\/wp\/v2\/posts\/40247","targetHints":{"allow":["GET"]}}],"collection":[{"href":"https:\/\/247stiri.ro\/index.php\/wp-json\/wp\/v2\/posts"}],"about":[{"href":"https:\/\/247stiri.ro\/index.php\/wp-json\/wp\/v2\/types\/post"}],"replies":[{"embeddable":true,"href":"https:\/\/247stiri.ro\/index.php\/wp-json\/wp\/v2\/comments?post=40247"}],"version-history":[{"count":0,"href":"https:\/\/247stiri.ro\/index.php\/wp-json\/wp\/v2\/posts\/40247\/revisions"}],"wp:featuredmedia":[{"embeddable":true,"href":"https:\/\/247stiri.ro\/index.php\/wp-json\/wp\/v2\/media\/40239"}],"wp:attachment":[{"href":"https:\/\/247stiri.ro\/index.php\/wp-json\/wp\/v2\/media?parent=40247"}],"wp:term":[{"taxonomy":"category","embeddable":true,"href":"https:\/\/247stiri.ro\/index.php\/wp-json\/wp\/v2\/categories?post=40247"},{"taxonomy":"post_tag","embeddable":true,"href":"https:\/\/247stiri.ro\/index.php\/wp-json\/wp\/v2\/tags?post=40247"}],"curies":[{"name":"wp","href":"https:\/\/api.w.org\/{rel}","templated":true}]}}