{"id":40256,"date":"2025-03-18T05:44:58","date_gmt":"2025-03-18T05:44:58","guid":{"rendered":"https:\/\/247stiri.ro\/index.php\/2025\/03\/18\/remus-pricopie-exclus-de-la-prezidentiale-face-plangere-la-cedo-incercarea-de-a-intra-in-cursa-electorala-o-fumigena\/"},"modified":"2025-03-18T05:44:58","modified_gmt":"2025-03-18T05:44:58","slug":"remus-pricopie-exclus-de-la-prezidentiale-face-plangere-la-cedo-incercarea-de-a-intra-in-cursa-electorala-o-fumigena","status":"publish","type":"post","link":"https:\/\/247stiri.ro\/index.php\/2025\/03\/18\/remus-pricopie-exclus-de-la-prezidentiale-face-plangere-la-cedo-incercarea-de-a-intra-in-cursa-electorala-o-fumigena\/","title":{"rendered":"Remus Pricopie, exclus de la preziden\u021biale, face pl\u00e2ngere la CEDO. \u00cencercarea de a intra \u00een curs\u0103 electoral\u0103, o fumigen\u0103"},"content":{"rendered":"<p>Remus Pricopie \u0219i-a depus candidatura f\u0103r\u0103 s\u0103 str\u00e2ng\u0103 cele 200.000 de semn\u0103turi necesare \u0219i f\u0103r\u0103 s\u0103 urmeze to\u021bi pa\u0219ii ceru\u021bi de lege, motiv pentru care Biroul Electoral Central i-a respins candidatura.<\/p>\n<p>Pricopie spune despre regulile electorale c\u0103 sunt \u201erestrictive \u0219i neclare\u201d, c\u0103 descurajeaz\u0103 participarea \u0219i c\u0103 \u201esl\u0103besc \u00eencrederea \u00een democra\u021bie\u201d. De altfel, rectorul SNSPA recunoa\u0219te c\u0103 a intrat \u00een curs\u0103 doar pentru a demonstra ceva.<\/p>\n<p>El sper\u0103 c\u0103 invalidarea candidaturii sale va st\u00e2rni dezbateri \u00een spa\u021biul public \u0219i va duce la schimbarea mecanismului electoral.<\/p>","protected":false},"excerpt":{"rendered":"<p>Remus Pricopie \u0219i-a depus candidatura f\u0103r\u0103 s\u0103 str\u00e2ng\u0103 cele 200.000 de semn\u0103turi necesare \u0219i f\u0103r\u0103&hellip;<\/p>\n","protected":false},"author":0,"featured_media":40257,"comment_status":"open","ping_status":"open","sticky":false,"template":"","format":"standard","meta":{"footnotes":""},"categories":[3],"tags":[],"class_list":["post-40256","post","type-post","status-publish","format-standard","has-post-thumbnail","hentry","category-politica"],"_links":{"self":[{"href":"https:\/\/247stiri.ro\/index.php\/wp-json\/wp\/v2\/posts\/40256","targetHints":{"allow":["GET"]}}],"collection":[{"href":"https:\/\/247stiri.ro\/index.php\/wp-json\/wp\/v2\/posts"}],"about":[{"href":"https:\/\/247stiri.ro\/index.php\/wp-json\/wp\/v2\/types\/post"}],"replies":[{"embeddable":true,"href":"https:\/\/247stiri.ro\/index.php\/wp-json\/wp\/v2\/comments?post=40256"}],"version-history":[{"count":0,"href":"https:\/\/247stiri.ro\/index.php\/wp-json\/wp\/v2\/posts\/40256\/revisions"}],"wp:featuredmedia":[{"embeddable":true,"href":"https:\/\/247stiri.ro\/index.php\/wp-json\/wp\/v2\/media\/40257"}],"wp:attachment":[{"href":"https:\/\/247stiri.ro\/index.php\/wp-json\/wp\/v2\/media?parent=40256"}],"wp:term":[{"taxonomy":"category","embeddable":true,"href":"https:\/\/247stiri.ro\/index.php\/wp-json\/wp\/v2\/categories?post=40256"},{"taxonomy":"post_tag","embeddable":true,"href":"https:\/\/247stiri.ro\/index.php\/wp-json\/wp\/v2\/tags?post=40256"}],"curies":[{"name":"wp","href":"https:\/\/api.w.org\/{rel}","templated":true}]}}