{"id":40260,"date":"2025-03-18T05:44:59","date_gmt":"2025-03-18T05:44:59","guid":{"rendered":"https:\/\/247stiri.ro\/index.php\/2025\/03\/18\/george-simion-fac-totul-cu-acceptul-domnului-georgescu-ducem-mai-departe-miscarea-suveranista\/"},"modified":"2025-03-18T05:44:59","modified_gmt":"2025-03-18T05:44:59","slug":"george-simion-fac-totul-cu-acceptul-domnului-georgescu-ducem-mai-departe-miscarea-suveranista","status":"publish","type":"post","link":"https:\/\/247stiri.ro\/index.php\/2025\/03\/18\/george-simion-fac-totul-cu-acceptul-domnului-georgescu-ducem-mai-departe-miscarea-suveranista\/","title":{"rendered":"George Simion: Fac totul cu acceptul domnului Georgescu, ducem mai departe mi\u0219carea suveranist\u0103"},"content":{"rendered":"<p>&#8222;Ceea ce fac acum este cu acceptul domnului Georgescu, agreat cu doamna Anamaria Gavril\u0103, ducem mai departe mi\u0219carea suveranist\u0103. Nu e cazul acum s\u0103 comunic toat\u0103 strategia noastr\u0103.<\/p>\n<p>Tocmai de aceea ne-am luat toate m\u0103surile de precau\u021bie, tocmai de aceea sistemul va primi un \u0219ah mat.\u00a0<\/p>\n<p>Sarcina mea, aici cu acest\u0103 prezen\u021b\u0103 \u0219i \u00een urm\u0103toarele dou\u0103 luni este reintrarea \u00een democra\u021bie \u0219i reintrarea \u00een circuitul constitu\u021bional.\u00a0<\/p>\n<p>Nu este vorba despre nicio retragere din partea Anei Maria Gavril\u0103. Noi ne-am f\u0103cut un plan, ne \u021binem de acest plan, suntem parteneri egali \u0219i eu \u0219i Anamaria.\u00a0<\/p>\n<p>\u00cempreun\u0103 cu domnul C\u0103lin Georgescu vom \u00eembun\u0103t\u0103\u021bi via\u021ba rom\u00e2nilor, vom lupta pentru libertate, pentru demnitate, pentru democra\u021bie \u0219i ne vom asigura c\u0103 domnul Georgescu are rolul pe care \u00eel merit\u0103 \u0219i \u0219i-l dore\u0219te \u00een conducerea statului rom\u00e2n&#8221;, a declarat George Simion, luni seara, \u00een exclusivitate la &#8222;Culisele Statului Paralel&#8221;.\u00a0<\/p>","protected":false},"excerpt":{"rendered":"<p>&#8222;Ceea ce fac acum este cu acceptul domnului Georgescu, agreat cu doamna Anamaria Gavril\u0103, ducem&hellip;<\/p>\n","protected":false},"author":0,"featured_media":40261,"comment_status":"open","ping_status":"open","sticky":false,"template":"","format":"standard","meta":{"footnotes":""},"categories":[3],"tags":[],"class_list":["post-40260","post","type-post","status-publish","format-standard","has-post-thumbnail","hentry","category-politica"],"_links":{"self":[{"href":"https:\/\/247stiri.ro\/index.php\/wp-json\/wp\/v2\/posts\/40260","targetHints":{"allow":["GET"]}}],"collection":[{"href":"https:\/\/247stiri.ro\/index.php\/wp-json\/wp\/v2\/posts"}],"about":[{"href":"https:\/\/247stiri.ro\/index.php\/wp-json\/wp\/v2\/types\/post"}],"replies":[{"embeddable":true,"href":"https:\/\/247stiri.ro\/index.php\/wp-json\/wp\/v2\/comments?post=40260"}],"version-history":[{"count":0,"href":"https:\/\/247stiri.ro\/index.php\/wp-json\/wp\/v2\/posts\/40260\/revisions"}],"wp:featuredmedia":[{"embeddable":true,"href":"https:\/\/247stiri.ro\/index.php\/wp-json\/wp\/v2\/media\/40261"}],"wp:attachment":[{"href":"https:\/\/247stiri.ro\/index.php\/wp-json\/wp\/v2\/media?parent=40260"}],"wp:term":[{"taxonomy":"category","embeddable":true,"href":"https:\/\/247stiri.ro\/index.php\/wp-json\/wp\/v2\/categories?post=40260"},{"taxonomy":"post_tag","embeddable":true,"href":"https:\/\/247stiri.ro\/index.php\/wp-json\/wp\/v2\/tags?post=40260"}],"curies":[{"name":"wp","href":"https:\/\/api.w.org\/{rel}","templated":true}]}}