{"id":40262,"date":"2025-03-18T05:45:00","date_gmt":"2025-03-18T05:45:00","guid":{"rendered":"https:\/\/247stiri.ro\/index.php\/2025\/03\/18\/saptamana-cruciala-ce-candidati-intra-in-cursa-pentru-cotroceni-suveranistii-contraataca-manevrele-disperate-ale-sistemului\/"},"modified":"2025-03-18T05:45:00","modified_gmt":"2025-03-18T05:45:00","slug":"saptamana-cruciala-ce-candidati-intra-in-cursa-pentru-cotroceni-suveranistii-contraataca-manevrele-disperate-ale-sistemului","status":"publish","type":"post","link":"https:\/\/247stiri.ro\/index.php\/2025\/03\/18\/saptamana-cruciala-ce-candidati-intra-in-cursa-pentru-cotroceni-suveranistii-contraataca-manevrele-disperate-ale-sistemului\/","title":{"rendered":"S\u0103pt\u0103m\u00e2n\u0103 crucial\u0103: ce CANDIDA\u021aI intr\u0103 \u00een cursa pentru Cotroceni. Suverani\u0219tii contraatac\u0103 manevrele disperate ale sistemului"},"content":{"rendered":"<p>Magistra\u021bii au decis: George Simion intr\u0103 oficial \u00een cursa pentru alegerile preziden\u021biale din luna mai. \u00centr-un timp record s-au str\u00e2ns semn\u0103turile pentru cei doi lideri suverani\u0219ti \u00een urma discu\u021biilor cu C\u0103lin Georgescu. \u00cen acest sens, s\u0103pt\u0103m\u00e2na trecut\u0103 s-au depus dosarele de candida\u021bi la Biroul Electoral Central.<\/p>\n<p>Pentru George Simion au fost verificate semn\u0103turile, dar \u0219i acest dosar a fost supus la vot \u0219i a trecut de votul membrilor BEC. Acesta a ajuns la Curtea Constitu\u021bional\u0103 iar pe masa celor 9 judec\u0103tori au fost depuse 5 contesta\u021bii, au fost analizate iar \u00eentr-un vot de unanimitate fost repinse. Oficial, George Simion este\u00a0 candidat \u00een aceast\u0103 curs\u0103 extrem de important\u0103.\u00a0<\/p>\n<p>Referitor la \u0219efa POT Anamaria Gavril\u0103, \u0219i dosarul acesteia de candidat a trecut de votul membrilor BEC \u0219i urmeaz\u0103 s\u0103 ajung\u0103 la CCR pentru validarea final\u0103.\u00a0<\/p>\n<p>Ulterior, p\u00e2n\u0103 miercuri mai au timp cei doi suverani\u0219ti s\u0103 se decid\u0103 care dintre ei int\u0103 \u00een curs\u0103, asta deoarece candidaturile celor doi s-au bazat pe o discu\u021bie avut\u0103 cu C\u0103lin Georgescu \u0219i, mai ales, cu sus\u021binerea acestuia.\u00a0 \u00a0<\/p>\n<p>Ne a\u0219tept\u0103m \u0219i \u00een cazul Aneimaria Gavril\u0103 se existe mai multe contesta\u021bii care se vor depune la CCR \u0219i ulterior vom vedea validarea din partea celor 9 judec\u0103tori.<\/p>\n<p>\u00cen acela\u0219i timp, spun suverani\u0219tii c\u0103 se vor face sondaje interne pentru a stabili care dintre cei doi candida\u021bi va r\u0103m\u00e2ne \u00eenscris \u00een aceast\u0103 curs\u0103 electoral\u0103.\u00a0<\/p>\n<p>Pe de alt\u0103 parte, am v\u0103zut \u0219i reac\u021biile pe plan interna\u021bional ale liderilor europeni, care vin cu o sus\u021binere extrem de important\u0103 pentru suverani\u0219ti.\u00a0<\/p>","protected":false},"excerpt":{"rendered":"<p>Magistra\u021bii au decis: George Simion intr\u0103 oficial \u00een cursa pentru alegerile preziden\u021biale din luna mai.&hellip;<\/p>\n","protected":false},"author":0,"featured_media":40263,"comment_status":"open","ping_status":"open","sticky":false,"template":"","format":"standard","meta":{"footnotes":""},"categories":[3],"tags":[],"class_list":["post-40262","post","type-post","status-publish","format-standard","has-post-thumbnail","hentry","category-politica"],"_links":{"self":[{"href":"https:\/\/247stiri.ro\/index.php\/wp-json\/wp\/v2\/posts\/40262","targetHints":{"allow":["GET"]}}],"collection":[{"href":"https:\/\/247stiri.ro\/index.php\/wp-json\/wp\/v2\/posts"}],"about":[{"href":"https:\/\/247stiri.ro\/index.php\/wp-json\/wp\/v2\/types\/post"}],"replies":[{"embeddable":true,"href":"https:\/\/247stiri.ro\/index.php\/wp-json\/wp\/v2\/comments?post=40262"}],"version-history":[{"count":0,"href":"https:\/\/247stiri.ro\/index.php\/wp-json\/wp\/v2\/posts\/40262\/revisions"}],"wp:featuredmedia":[{"embeddable":true,"href":"https:\/\/247stiri.ro\/index.php\/wp-json\/wp\/v2\/media\/40263"}],"wp:attachment":[{"href":"https:\/\/247stiri.ro\/index.php\/wp-json\/wp\/v2\/media?parent=40262"}],"wp:term":[{"taxonomy":"category","embeddable":true,"href":"https:\/\/247stiri.ro\/index.php\/wp-json\/wp\/v2\/categories?post=40262"},{"taxonomy":"post_tag","embeddable":true,"href":"https:\/\/247stiri.ro\/index.php\/wp-json\/wp\/v2\/tags?post=40262"}],"curies":[{"name":"wp","href":"https:\/\/api.w.org\/{rel}","templated":true}]}}