{"id":40275,"date":"2025-03-18T06:44:49","date_gmt":"2025-03-18T06:44:49","guid":{"rendered":"https:\/\/247stiri.ro\/index.php\/2025\/03\/18\/sondaj-care-este-zona-in-care-george-simion-ia-mai-mult-de-jumatate-din-voturi-harta-suveranistilor\/"},"modified":"2025-03-18T06:44:49","modified_gmt":"2025-03-18T06:44:49","slug":"sondaj-care-este-zona-in-care-george-simion-ia-mai-mult-de-jumatate-din-voturi-harta-suveranistilor","status":"publish","type":"post","link":"https:\/\/247stiri.ro\/index.php\/2025\/03\/18\/sondaj-care-este-zona-in-care-george-simion-ia-mai-mult-de-jumatate-din-voturi-harta-suveranistilor\/","title":{"rendered":"SONDAJ. Care este zona \u00een care George Simion ia mai mult de jum\u0103tate din voturi &#8211; harta suverani\u0219tilor"},"content":{"rendered":"<p>Datele AtlasIntel arat\u0103 c\u0103 Simion ar lua cele mai multe voturi \u00een Transilvania (32%) \u0219i Muntenia (37,4%), dar \u0219i \u00een mediul rural \u2013 54,9%, \u00een timp ce al doilea clasat \u00een ierarhia na\u021bional\u0103, primarul Capitalei, Nicu\u0219or Dan, ar lua mai multe voturi \u00een Moldova \u2013 30,9%, \u00een Bucure\u0219ti-Ilfov \u2013 38,1%, \u00een zonele metropolitane \u2013 38,8% \u0219i \u00een cele urbane \u2013 25,6%.<\/p>\n<p><a href=\"https:\/\/www.realitatea.net\/stiri\/politica\/sondajul-care-da-fiori-sistemului-suveranistii-castiga-detasat-lupta-pentru-cotroceni-rezistii-in-cadere-libera_67d7b44ae385e04ee2675733\" target=\"_blank\">Sondajul care d\u0103 fiori sistemului: suverani\u0219tii c\u00e2\u0219tig\u0103 deta\u0219at lupta pentru Cotroceni. Rezi\u0219tii, \u00een c\u0103dere liber\u0103<\/a><\/p>\n<p>Sondajul AtlasIntel a fost realizat pe un e\u0219antion de 2.381 responden\u021bi, \u00een perioada 13-15 martie 2025, \u0219i are o marj\u0103 de eroare de \u00b12 puncte procentuale la un nivel de \u00eencredere de 95%.<\/p>\n<p><a href=\"https:\/\/www.realitatea.net\/stiri\/actual\/sondajul-care-arunca-in-aer-planurile-sistemului-george-simion-intra-in-forta-in-turul-2-ponta-si-nicusor-sunt-in-corzi-surse_67d82cca2bea017fe95e40aa\" target=\"_blank\">Sondajul care arunc\u0103 \u00een aer planurile sistemului. George Simion intra \u00een for\u021b\u0103 \u00een turul 2, Ponta \u0219i Nicu\u0219or sunt \u00een corzi<\/a><\/p>","protected":false},"excerpt":{"rendered":"<p>Datele AtlasIntel arat\u0103 c\u0103 Simion ar lua cele mai multe voturi \u00een Transilvania (32%) \u0219i&hellip;<\/p>\n","protected":false},"author":0,"featured_media":40276,"comment_status":"open","ping_status":"open","sticky":false,"template":"","format":"standard","meta":{"footnotes":""},"categories":[3],"tags":[],"class_list":["post-40275","post","type-post","status-publish","format-standard","has-post-thumbnail","hentry","category-politica"],"_links":{"self":[{"href":"https:\/\/247stiri.ro\/index.php\/wp-json\/wp\/v2\/posts\/40275","targetHints":{"allow":["GET"]}}],"collection":[{"href":"https:\/\/247stiri.ro\/index.php\/wp-json\/wp\/v2\/posts"}],"about":[{"href":"https:\/\/247stiri.ro\/index.php\/wp-json\/wp\/v2\/types\/post"}],"replies":[{"embeddable":true,"href":"https:\/\/247stiri.ro\/index.php\/wp-json\/wp\/v2\/comments?post=40275"}],"version-history":[{"count":0,"href":"https:\/\/247stiri.ro\/index.php\/wp-json\/wp\/v2\/posts\/40275\/revisions"}],"wp:featuredmedia":[{"embeddable":true,"href":"https:\/\/247stiri.ro\/index.php\/wp-json\/wp\/v2\/media\/40276"}],"wp:attachment":[{"href":"https:\/\/247stiri.ro\/index.php\/wp-json\/wp\/v2\/media?parent=40275"}],"wp:term":[{"taxonomy":"category","embeddable":true,"href":"https:\/\/247stiri.ro\/index.php\/wp-json\/wp\/v2\/categories?post=40275"},{"taxonomy":"post_tag","embeddable":true,"href":"https:\/\/247stiri.ro\/index.php\/wp-json\/wp\/v2\/tags?post=40275"}],"curies":[{"name":"wp","href":"https:\/\/api.w.org\/{rel}","templated":true}]}}