{"id":40277,"date":"2025-03-18T06:44:50","date_gmt":"2025-03-18T06:44:50","guid":{"rendered":"https:\/\/247stiri.ro\/index.php\/2025\/03\/18\/presa-internationala-este-cu-ochii-pe-romania-calin-georgescu-comparat-de-jurnalistii-americani-cu-donald-trump\/"},"modified":"2025-03-18T06:44:50","modified_gmt":"2025-03-18T06:44:50","slug":"presa-internationala-este-cu-ochii-pe-romania-calin-georgescu-comparat-de-jurnalistii-americani-cu-donald-trump","status":"publish","type":"post","link":"https:\/\/247stiri.ro\/index.php\/2025\/03\/18\/presa-internationala-este-cu-ochii-pe-romania-calin-georgescu-comparat-de-jurnalistii-americani-cu-donald-trump\/","title":{"rendered":"Presa interna\u021bional\u0103 este cu ochii pe Rom\u00e2nia! C\u0103lin Georgescu, comparat de jurnali\u0219tii americani cu Donald Trump"},"content":{"rendered":"<p>\u201e\u0218i \u00een cazul lui Donald Trump a existat o anchet\u0103 cu privire la leg\u0103turile lui Trump cu Rusia. \u00cen cele din urm\u0103 s-a constatat c\u0103 pre\u0219edintele SUA nu avea nicio leg\u0103tur\u0103 cu Rusia\u201d, se arat\u0103 \u00een articol.<\/p>\n<p>Publica\u021bia mai noteaz\u0103 c\u0103 Georgescu, aflat pe locul \u00eent\u00e2i \u00een sondaje, care sus\u021bine suveranismul \u0219i democra\u021bia, a fost scos din cursa electoral\u0103 de c\u0103tre CCR.<\/p>\n<p>\u201eDemocra\u021bii au p\u0103rut dispera\u021bi \u00een ultimele s\u0103pt\u0103m\u00e2ni ale campaniei preziden\u021biale\u201d, se mai arat\u0103 \u00een articol.<\/p>\n<p>De asemenea, publica\u021bia The Washington Times \u00eel men\u021bioneaz\u0103 \u0219i pe George Simion, pe care \u00eel prezint\u0103 \u201eliderul AUR a f\u0103cut un pas \u00eenainte. George Simion este t\u00e2n\u0103r, dinamic, cunoscut \u0219i \u00eendr\u0103git de rom\u00e2ni\u201d.\u00a0<\/p>","protected":false},"excerpt":{"rendered":"<p>\u201e\u0218i \u00een cazul lui Donald Trump a existat o anchet\u0103 cu privire la leg\u0103turile lui&hellip;<\/p>\n","protected":false},"author":0,"featured_media":40274,"comment_status":"open","ping_status":"open","sticky":false,"template":"","format":"standard","meta":{"footnotes":""},"categories":[3],"tags":[],"class_list":["post-40277","post","type-post","status-publish","format-standard","has-post-thumbnail","hentry","category-politica"],"_links":{"self":[{"href":"https:\/\/247stiri.ro\/index.php\/wp-json\/wp\/v2\/posts\/40277","targetHints":{"allow":["GET"]}}],"collection":[{"href":"https:\/\/247stiri.ro\/index.php\/wp-json\/wp\/v2\/posts"}],"about":[{"href":"https:\/\/247stiri.ro\/index.php\/wp-json\/wp\/v2\/types\/post"}],"replies":[{"embeddable":true,"href":"https:\/\/247stiri.ro\/index.php\/wp-json\/wp\/v2\/comments?post=40277"}],"version-history":[{"count":0,"href":"https:\/\/247stiri.ro\/index.php\/wp-json\/wp\/v2\/posts\/40277\/revisions"}],"wp:featuredmedia":[{"embeddable":true,"href":"https:\/\/247stiri.ro\/index.php\/wp-json\/wp\/v2\/media\/40274"}],"wp:attachment":[{"href":"https:\/\/247stiri.ro\/index.php\/wp-json\/wp\/v2\/media?parent=40277"}],"wp:term":[{"taxonomy":"category","embeddable":true,"href":"https:\/\/247stiri.ro\/index.php\/wp-json\/wp\/v2\/categories?post=40277"},{"taxonomy":"post_tag","embeddable":true,"href":"https:\/\/247stiri.ro\/index.php\/wp-json\/wp\/v2\/tags?post=40277"}],"curies":[{"name":"wp","href":"https:\/\/api.w.org\/{rel}","templated":true}]}}