{"id":40278,"date":"2025-03-18T06:44:50","date_gmt":"2025-03-18T06:44:50","guid":{"rendered":"https:\/\/247stiri.ro\/index.php\/2025\/03\/18\/george-simion-drumurile-politice-cu-becali-nu-se-vor-mai-intersecta-acuzatii-grave-la-adresa-lui-viroel-hrebenciuc\/"},"modified":"2025-03-18T06:44:50","modified_gmt":"2025-03-18T06:44:50","slug":"george-simion-drumurile-politice-cu-becali-nu-se-vor-mai-intersecta-acuzatii-grave-la-adresa-lui-viroel-hrebenciuc","status":"publish","type":"post","link":"https:\/\/247stiri.ro\/index.php\/2025\/03\/18\/george-simion-drumurile-politice-cu-becali-nu-se-vor-mai-intersecta-acuzatii-grave-la-adresa-lui-viroel-hrebenciuc\/","title":{"rendered":"George Simion: Drumurile politice cu Becali nu se vor mai intersecta. Acuza\u021bii grave la adresa lui Viroel Hrebenciuc"},"content":{"rendered":"<p>George Simion: Eu nu m-am l\u0103sat \u00een aceste luni \u00een care am avut mari presiuni: s\u0103 m\u0103 dezic de domnul Georgescu, s\u0103 nu mai fac mitinguri, s\u0103 nu mai fac mitinguri&#8230;<\/p>\n<p>Anca Alexandrescu: Din partea lui Becali?<\/p>\n<p>George Simion: Din partea multor&#8230;<\/p>\n<p>Anca Alexandrescu: \u0218i din parte dl Becali?<\/p>\n<p>George Simion: \u0218i, da.\u00a0<\/p>\n<p>Viitorul nostru \u00eentr-o construc\u021bie politic\u0103 este diferit \u0219i asta e cea mai bun\u0103 dovad\u0103. Adic\u0103 eu nu m\u0103 voi reg\u0103si \u00een acela\u0219i partid cu George Becali, a ales s\u0103 se retrag\u0103. Drumurile noastre politice nu se vor mai intersecta.<\/p>\n<p>Anca Alexandrescu: Unde au disp\u0103rut cei 400.000 de euro din declara\u021bia de avere de la nunt\u0103 \u0219i cum de a\u021bi f\u0103cut economii de 50.000 de euro \u00een dou\u0103 luni de zile?<\/p>\n<p>George Simion: Asta este o ciorb\u0103 re\u00eenc\u0103lzit\u0103.\u00a0<\/p>\n<p>Cine \u0219tie ce o s\u0103 mai urzeasc\u0103 guzganul rozaliu Hrebenciuc care mi-a adus grave prejudicii \u00een campania din 2024. E vorba de banii de la nunt\u0103 care s-au dus pe nunt\u0103 dar noi am fost obliga\u021bi s\u0103 \u00eei trecem \u00een declara\u021bia de avere \u0219i e vorba de o sc\u0103pare, am declarat \u0219i 50.000 \u00een prima declara\u021bie \u0219i la c\u00e2teva zile am revenit cu o declara\u021bie rectificativ\u0103 pentru c\u0103 respectivii bani uitasem s\u0103 \u00eei indic \u0219i \u00een capitolul de cont.<\/p>","protected":false},"excerpt":{"rendered":"<p>George Simion: Eu nu m-am l\u0103sat \u00een aceste luni \u00een care am avut mari presiuni:&hellip;<\/p>\n","protected":false},"author":0,"featured_media":40279,"comment_status":"open","ping_status":"open","sticky":false,"template":"","format":"standard","meta":{"footnotes":""},"categories":[3],"tags":[],"class_list":["post-40278","post","type-post","status-publish","format-standard","has-post-thumbnail","hentry","category-politica"],"_links":{"self":[{"href":"https:\/\/247stiri.ro\/index.php\/wp-json\/wp\/v2\/posts\/40278","targetHints":{"allow":["GET"]}}],"collection":[{"href":"https:\/\/247stiri.ro\/index.php\/wp-json\/wp\/v2\/posts"}],"about":[{"href":"https:\/\/247stiri.ro\/index.php\/wp-json\/wp\/v2\/types\/post"}],"replies":[{"embeddable":true,"href":"https:\/\/247stiri.ro\/index.php\/wp-json\/wp\/v2\/comments?post=40278"}],"version-history":[{"count":0,"href":"https:\/\/247stiri.ro\/index.php\/wp-json\/wp\/v2\/posts\/40278\/revisions"}],"wp:featuredmedia":[{"embeddable":true,"href":"https:\/\/247stiri.ro\/index.php\/wp-json\/wp\/v2\/media\/40279"}],"wp:attachment":[{"href":"https:\/\/247stiri.ro\/index.php\/wp-json\/wp\/v2\/media?parent=40278"}],"wp:term":[{"taxonomy":"category","embeddable":true,"href":"https:\/\/247stiri.ro\/index.php\/wp-json\/wp\/v2\/categories?post=40278"},{"taxonomy":"post_tag","embeddable":true,"href":"https:\/\/247stiri.ro\/index.php\/wp-json\/wp\/v2\/tags?post=40278"}],"curies":[{"name":"wp","href":"https:\/\/api.w.org\/{rel}","templated":true}]}}