{"id":40280,"date":"2025-03-18T06:44:51","date_gmt":"2025-03-18T06:44:51","guid":{"rendered":"https:\/\/247stiri.ro\/index.php\/2025\/03\/18\/anca-alexandrescu-bolojan-nu-are-voie-sa-se-implice-in-alegeri-avertismentul-moderatoarei-emisiunii-culisele-statului-paralel\/"},"modified":"2025-03-18T06:44:51","modified_gmt":"2025-03-18T06:44:51","slug":"anca-alexandrescu-bolojan-nu-are-voie-sa-se-implice-in-alegeri-avertismentul-moderatoarei-emisiunii-culisele-statului-paralel","status":"publish","type":"post","link":"https:\/\/247stiri.ro\/index.php\/2025\/03\/18\/anca-alexandrescu-bolojan-nu-are-voie-sa-se-implice-in-alegeri-avertismentul-moderatoarei-emisiunii-culisele-statului-paralel\/","title":{"rendered":"Anca Alexandrescu: Bolojan NU are voie s\u0103 se implice \u00een alegeri. Avertismentul moderatoarei emisiunii &#8222;Culisele Statului Paralel&#8221;"},"content":{"rendered":"<p>&#8222;Vreau s\u0103 v\u0103d avoca\u021bii c\u0103 se organizeaz\u0103 \u0219i fac pl\u00e2ngeri la institu\u021biile interna\u021bionale pentru aceast\u0103 \u00eenc\u0103lcare grav\u0103 a Constitu\u021biei pe care o continu\u0103 pre\u0219edintele interimar Ilie\u00a0Bolojan, care nu are\u00a0niciun fel\u00a0de legitimitate, nefiind ales de poporul rom\u00e2n.Este o mizerie \u0219i participant la acest lucru este \u0219i PSD, \u0219i PNL, \u0219i UDMR, adic\u0103 toat\u0103 puterea. Nu se \u00eent\u00e2lne\u0219te dec\u00e2t puterea s\u0103 stabileasc\u0103 cum ne vor pune din nou pe g\u00e2t stigma aceast\u0103 mizerabil\u0103 a Ursulei von der Leyen, pe care ei doresc \u00een continuare s\u0103 ne ghidoneze.\u00a0<\/p>\n<p>Citeam ni\u0219te personaje care spuneau: trebuie s\u0103 execut\u0103m ordinele de le Bruxelles. M\u0103 uitam acum pe interviul unui membru al CNA &#8211; cum vre\u021bi s\u0103 amendeze derapajele din alte televiziuni, c\u00e2nd chiar membrii CNA spun public c\u0103 votan\u021bii lui C\u0103lin Georgescu sunt ni\u0219te pro\u0219ti \u0219i sunt ale\u0219i cu aten\u021bie de ni\u0219te ru\u0219i?&#8221;, a declarat Anca Alexandrescu.\u00a0<\/p>","protected":false},"excerpt":{"rendered":"<p>&#8222;Vreau s\u0103 v\u0103d avoca\u021bii c\u0103 se organizeaz\u0103 \u0219i fac pl\u00e2ngeri la institu\u021biile interna\u021bionale pentru aceast\u0103&hellip;<\/p>\n","protected":false},"author":0,"featured_media":40281,"comment_status":"open","ping_status":"open","sticky":false,"template":"","format":"standard","meta":{"footnotes":""},"categories":[3],"tags":[],"class_list":["post-40280","post","type-post","status-publish","format-standard","has-post-thumbnail","hentry","category-politica"],"_links":{"self":[{"href":"https:\/\/247stiri.ro\/index.php\/wp-json\/wp\/v2\/posts\/40280","targetHints":{"allow":["GET"]}}],"collection":[{"href":"https:\/\/247stiri.ro\/index.php\/wp-json\/wp\/v2\/posts"}],"about":[{"href":"https:\/\/247stiri.ro\/index.php\/wp-json\/wp\/v2\/types\/post"}],"replies":[{"embeddable":true,"href":"https:\/\/247stiri.ro\/index.php\/wp-json\/wp\/v2\/comments?post=40280"}],"version-history":[{"count":0,"href":"https:\/\/247stiri.ro\/index.php\/wp-json\/wp\/v2\/posts\/40280\/revisions"}],"wp:featuredmedia":[{"embeddable":true,"href":"https:\/\/247stiri.ro\/index.php\/wp-json\/wp\/v2\/media\/40281"}],"wp:attachment":[{"href":"https:\/\/247stiri.ro\/index.php\/wp-json\/wp\/v2\/media?parent=40280"}],"wp:term":[{"taxonomy":"category","embeddable":true,"href":"https:\/\/247stiri.ro\/index.php\/wp-json\/wp\/v2\/categories?post=40280"},{"taxonomy":"post_tag","embeddable":true,"href":"https:\/\/247stiri.ro\/index.php\/wp-json\/wp\/v2\/tags?post=40280"}],"curies":[{"name":"wp","href":"https:\/\/api.w.org\/{rel}","templated":true}]}}