{"id":40288,"date":"2025-03-18T07:45:03","date_gmt":"2025-03-18T07:45:03","guid":{"rendered":"https:\/\/247stiri.ro\/index.php\/2025\/03\/18\/sorosistul-care-urla-impotriva-lui-georgescu-respins-la-bec-fostul-judecator-toni-neacsu-il-desfiinteaza-pe-pricopie\/"},"modified":"2025-03-18T07:45:03","modified_gmt":"2025-03-18T07:45:03","slug":"sorosistul-care-urla-impotriva-lui-georgescu-respins-la-bec-fostul-judecator-toni-neacsu-il-desfiinteaza-pe-pricopie","status":"publish","type":"post","link":"https:\/\/247stiri.ro\/index.php\/2025\/03\/18\/sorosistul-care-urla-impotriva-lui-georgescu-respins-la-bec-fostul-judecator-toni-neacsu-il-desfiinteaza-pe-pricopie\/","title":{"rendered":"Soro\u0219istul care url\u0103 \u00eempotriva lui Georgescu, respins la BEC! Fostul judec\u0103tor, Toni Neac\u0219u, \u00eel desfiin\u021beaz\u0103 pe Pricopie"},"content":{"rendered":"<p>\u00a0Mai mult, <a href=\"https:\/\/www.realitatea.net\/stiri\/politica\/remus-pricopie-exclus-de-la-prezidentiale-face-plangere-la-cedo-incercarea-de-a-intra-in-cursa-electorala-o-fumigena_67d9070ba31453113f111832\" target=\"_blank\">rectorul care se folose\u0219te de studen\u021bi<\/a> pentru a ataca suverani\u0219tii a anun\u021bat c\u0103 a f\u0103cut pl\u00e2ngere penal\u0103 \u00eempotriva lui George Simion \u0219i \u00eel acuz\u0103 de fals \u00een \u00eenscrisuri, de\u0219i dosarul lui Simion a fost validat de CCR.\u00a0<\/p>\n<p>La Parchetul General mai este deschis un dosar penal in rem pentru presupuse fapte de instigare public\u0103. Acum r\u0103m\u00e2ne de v\u0103zut c\u00e2nd va fi chemat George Simion la declara\u021bii.<\/p>\n<p>Pricopie amenin\u021b\u0103 cu CEDO \u0219i Comisia de la Vene\u021bia<\/p>\n<p>Ne aducem aminte c\u0103 s\u0103pt\u0103m\u00e2na trecut\u0103, \u00een fa\u021ba procurorilor de la Parchetul General, au ajuns \u0219i al\u021bi membri ai partidului AUR, care au dat explica\u021bii \u00een acela\u0219i dosar.<\/p>\n<p>De asemenea, vorbim de acel protest care a avut loc \u00een urm\u0103 cu mai bine de o s\u0103pt\u0103m\u00e2n\u0103 \u00een fa\u021ba Biroului Electoral Central \u0219i dosarul este unul deschis \u00een rem pentru instigare la violen\u021b\u0103 pe care se pare c\u0103 ar fi f\u0103cut-o George Simion. Liderul suverani\u0219tilor neag\u0103 cu vehemen\u021b\u0103 aceste acuza\u021bii care i se aduc \u0219i spune c\u0103 totul este, de fapt, o intimidare \u0219i vorbe\u0219te aici despre jocuri politice.\u00a0<\/p>\n<p>A\u0219tept\u0103m s\u0103 vedem ce se va \u00eent\u00e2mpla, cert este c\u0103 sunt aceste acuza\u021bii aduse \u00een spa\u021biul public. Vedem ce spune \u0219i acuza\u021biile aduse, chiar de <a href=\"https:\/\/www.realitatea.net\/stiri\/politica\/remus-pricopie-plangere-penala-impotriva-lui-george-simion-tupeu-urias-unealta-sistemului-se-da-drept-salvator-al-democratiei_67d80a0db13a19565d6a4f82\" target=\"_blank\">rectorul SNSPA<\/a>. Este un dosar penal deschis \u00een rem, \u00eens\u0103 liderul AUR, George Simion neag\u0103 vehement aceste acuza\u021bii care \u00eei sunt aduse \u00een acest moment \u0219i spune c\u0103 totul este o manevr\u0103 politic\u0103.<\/p>","protected":false},"excerpt":{"rendered":"<p>\u00a0Mai mult, rectorul care se folose\u0219te de studen\u021bi pentru a ataca suverani\u0219tii a anun\u021bat c\u0103&hellip;<\/p>\n","protected":false},"author":0,"featured_media":40289,"comment_status":"open","ping_status":"open","sticky":false,"template":"","format":"standard","meta":{"footnotes":""},"categories":[3],"tags":[],"class_list":["post-40288","post","type-post","status-publish","format-standard","has-post-thumbnail","hentry","category-politica"],"_links":{"self":[{"href":"https:\/\/247stiri.ro\/index.php\/wp-json\/wp\/v2\/posts\/40288","targetHints":{"allow":["GET"]}}],"collection":[{"href":"https:\/\/247stiri.ro\/index.php\/wp-json\/wp\/v2\/posts"}],"about":[{"href":"https:\/\/247stiri.ro\/index.php\/wp-json\/wp\/v2\/types\/post"}],"replies":[{"embeddable":true,"href":"https:\/\/247stiri.ro\/index.php\/wp-json\/wp\/v2\/comments?post=40288"}],"version-history":[{"count":0,"href":"https:\/\/247stiri.ro\/index.php\/wp-json\/wp\/v2\/posts\/40288\/revisions"}],"wp:featuredmedia":[{"embeddable":true,"href":"https:\/\/247stiri.ro\/index.php\/wp-json\/wp\/v2\/media\/40289"}],"wp:attachment":[{"href":"https:\/\/247stiri.ro\/index.php\/wp-json\/wp\/v2\/media?parent=40288"}],"wp:term":[{"taxonomy":"category","embeddable":true,"href":"https:\/\/247stiri.ro\/index.php\/wp-json\/wp\/v2\/categories?post=40288"},{"taxonomy":"post_tag","embeddable":true,"href":"https:\/\/247stiri.ro\/index.php\/wp-json\/wp\/v2\/tags?post=40288"}],"curies":[{"name":"wp","href":"https:\/\/api.w.org\/{rel}","templated":true}]}}