{"id":40290,"date":"2025-03-18T07:45:04","date_gmt":"2025-03-18T07:45:04","guid":{"rendered":"https:\/\/247stiri.ro\/index.php\/2025\/03\/18\/incepe-lupta-pentru-prezidentiale-cine-s-ar-putea-retrage-din-cursa-tensiuni-maxime-in-interiorul-usr\/"},"modified":"2025-03-18T07:45:04","modified_gmt":"2025-03-18T07:45:04","slug":"incepe-lupta-pentru-prezidentiale-cine-s-ar-putea-retrage-din-cursa-tensiuni-maxime-in-interiorul-usr","status":"publish","type":"post","link":"https:\/\/247stiri.ro\/index.php\/2025\/03\/18\/incepe-lupta-pentru-prezidentiale-cine-s-ar-putea-retrage-din-cursa-tensiuni-maxime-in-interiorul-usr\/","title":{"rendered":"\u00cencepe lupta pentru preziden\u021biale. Cine s-ar putea RETRAGE din curs\u0103: tensiuni maxime \u00een interiorul USR"},"content":{"rendered":"<p>A mai r\u0103mas foarte pu\u021bin timp p\u00e2n\u0103 c\u00e2nd vom avea lista final\u0103 cu candida\u021bii care intr\u0103 \u00een aceast\u0103 curs\u0103 preziden\u021bial\u0103. Pe ultima sut\u0103 de metri se fac \u00een continuare calcule \u0219i se fac strategiile pentru campania electoral\u0103 ce va \u00eencepe \u00een data de 4 aprilie.\u00a0<\/p>\n<p>De\u0219i au existat mai multe discu\u021bii\u00eentre Elena Lasconi \u0219i Nicu\u0219or Dan \u0219i de\u0219i exist\u0103 voci din USR care i-au cerut public \u0219efei rezi\u0219tilor s\u0103 se retrag\u0103 din aceast\u0103\u00a0 curs\u0103 \u0219i s\u0103-l sprijine pe actualul primar al Capitalei, niciunul nu vrea s\u0103 renun\u021be.\u00a0<\/p>\n<p>Elena Lasconi spune c\u0103 cifrele arat\u0103 c\u0103 ea este \u00een cre\u0219tere \u0219i c\u0103 Nicu\u0219or Dan este \u00een sc\u0103dere. Ea preciza, totodat\u0103, c\u0103 \u00een cazul \u00een care ipotetic s-ar retrage, Nicu\u0219or Dan nu ar cre\u0219te. Mai mult dec\u00e2t at\u00e2t, Lasconi spune c\u0103 voturile din aceast\u0103 tab\u0103r\u0103 suveranist\u0103, respectiv oamenii care l-ar fi votat pe C\u0103lin Georgescu, nu s-ar \u00eendreptat c\u0103tre edil \u00eentr-un asemenea scenariu.\u00a0<\/p>\n<p>\u00cen plus, Lasconi spune c\u0103 nu exist\u0103 nici scenariul potrivit c\u0103ruia s\u0103 se retrag\u0103 pe ultima sut\u0103 de metri, \u00een ultima s\u0103pt\u0103m\u00e2n\u0103 din campanie, a\u0219a cum a f\u0103cut Ludovic Orban anul trecut, care s-a retras pentru a-i oferi scprijinul Elenei Lasconi.\u00a0<\/p>\n<p>Liderul USR sus\u021bine c\u0103 este focusat\u0103 s\u0103 c\u00e2\u0219tige alegerile preziden\u021biale \u00een acest an. Lasconi a afirmat chiar c\u0103 ar putea s\u0103 vin\u0103 &#8222;inclusiv Donald Trump s\u0103 candideze \u00een Rom\u00e2nia&#8221; pentru c\u0103 ea se g\u00e2nde\u0219te s\u0103 c\u00e2\u0219tige alegerile.\u00a0<\/p>\n<p>Pe de alt\u0103 parte, Nicu\u0219or Dan sus\u021bine c\u0103 \u0219i-ar dori ca dup\u0103 aceste alegeri preziden\u021biale USR s\u0103 intre la guvernare, s\u0103 existe o majoritate mai stabil\u0103 \u00een Parlament, \u00eens\u0103 spunea c\u0103 nu se va retrage \u0219i c\u0103 se va focusa pe campania electoral\u0103.<\/p>\n<p>Lideri din USR spuneau c\u0103 s-a discutat despre un singur candidat la aceste alegeri, \u00eens\u0103 \u00een cazul \u00een care unul dintre ei va ajunge \u00een turul doi, va fi sus\u021binut de celalalt.\u00a0<\/p>","protected":false},"excerpt":{"rendered":"<p>A mai r\u0103mas foarte pu\u021bin timp p\u00e2n\u0103 c\u00e2nd vom avea lista final\u0103 cu candida\u021bii care&hellip;<\/p>\n","protected":false},"author":0,"featured_media":40291,"comment_status":"open","ping_status":"open","sticky":false,"template":"","format":"standard","meta":{"footnotes":""},"categories":[3],"tags":[],"class_list":["post-40290","post","type-post","status-publish","format-standard","has-post-thumbnail","hentry","category-politica"],"_links":{"self":[{"href":"https:\/\/247stiri.ro\/index.php\/wp-json\/wp\/v2\/posts\/40290","targetHints":{"allow":["GET"]}}],"collection":[{"href":"https:\/\/247stiri.ro\/index.php\/wp-json\/wp\/v2\/posts"}],"about":[{"href":"https:\/\/247stiri.ro\/index.php\/wp-json\/wp\/v2\/types\/post"}],"replies":[{"embeddable":true,"href":"https:\/\/247stiri.ro\/index.php\/wp-json\/wp\/v2\/comments?post=40290"}],"version-history":[{"count":0,"href":"https:\/\/247stiri.ro\/index.php\/wp-json\/wp\/v2\/posts\/40290\/revisions"}],"wp:featuredmedia":[{"embeddable":true,"href":"https:\/\/247stiri.ro\/index.php\/wp-json\/wp\/v2\/media\/40291"}],"wp:attachment":[{"href":"https:\/\/247stiri.ro\/index.php\/wp-json\/wp\/v2\/media?parent=40290"}],"wp:term":[{"taxonomy":"category","embeddable":true,"href":"https:\/\/247stiri.ro\/index.php\/wp-json\/wp\/v2\/categories?post=40290"},{"taxonomy":"post_tag","embeddable":true,"href":"https:\/\/247stiri.ro\/index.php\/wp-json\/wp\/v2\/tags?post=40290"}],"curies":[{"name":"wp","href":"https:\/\/api.w.org\/{rel}","templated":true}]}}